{"id":2691,"date":"1939-11-01T18:12:43","date_gmt":"1939-11-01T17:12:43","guid":{"rendered":"https:\/\/chronik.berliner-verkehr.de\/?p=2691"},"modified":"2021-05-03T18:12:55","modified_gmt":"2021-05-03T16:12:55","slug":"1939-11-01-strassenbahn-beginn-des-stadtgueterverkehrs-mit-strassenbahnen","status":"publish","type":"post","link":"https:\/\/chronik.berliner-verkehr.de\/?p=2691","title":{"rendered":"1939-11-01 Stra\u00dfenbahn: Beginn des Stadtg\u00fcterverkehrs mit Stra\u00dfenbahnen"},"content":{"rendered":"\n<p>November 1939: Stra\u00dfenbahn: Beginn des Stadtg\u00fcterverkehrs mit Stra\u00dfenbahnen <\/p>\n\n\n\n<p>(Quelle: S. Hilkenbach und W. Kramer, Typisch Berlin &#8211; Ein BVG-Portr\u00e4t, 1987)<\/p>\n","protected":false},"excerpt":{"rendered":"<p>November 1939: Stra\u00dfenbahn: Beginn des Stadtg\u00fcterverkehrs mit Stra\u00dfenbahnen (Quelle: S. Hilkenbach und W. Kramer, Typisch Berlin &#8211; Ein BVG-Portr\u00e4t, 1987)<\/p>\n","protected":false},"author":1,"featured_media":0,"comment_status":"open","ping_status":"open","sticky":false,"template":"","format":"standard","meta":{"footnotes":""},"class_list":["post-2691","post","type-post","status-publish","format-standard","hentry","category-gueterverkehr","category-strassenbahn"],"yoast_head":"<!-- This site is optimized with the Yoast SEO plugin v27.4 - https:\/\/yoast.com\/product\/yoast-seo-wordpress\/ -->\n<title>1939-11-01 Stra\u00dfenbahn: Beginn des Stadtg\u00fcterverkehrs mit Stra\u00dfenbahnen - Chronik Berlin<\/title>\n<meta name=\"robots\" content=\"index, follow, max-snippet:-1, max-image-preview:large, max-video-preview:-1\" \/>\n<link rel=\"canonical\" href=\"https:\/\/chronik.berliner-verkehr.de\/?p=2691\" \/>\n<meta property=\"og:locale\" content=\"de_DE\" \/>\n<meta property=\"og:type\" content=\"article\" \/>\n<meta property=\"og:title\" content=\"1939-11-01 Stra\u00dfenbahn: Beginn des Stadtg\u00fcterverkehrs mit Stra\u00dfenbahnen - Chronik Berlin\" \/>\n<meta property=\"og:description\" content=\"November 1939: Stra\u00dfenbahn: Beginn des Stadtg\u00fcterverkehrs mit Stra\u00dfenbahnen (Quelle: S. Hilkenbach und W. Kramer, Typisch Berlin &#8211; Ein BVG-Portr\u00e4t, 1987)\" \/>\n<meta property=\"og:url\" content=\"https:\/\/chronik.berliner-verkehr.de\/?p=2691\" \/>\n<meta property=\"og:site_name\" content=\"Chronik Berlin\" \/>\n<meta property=\"article:published_time\" content=\"1939-11-01T17:12:43+00:00\" \/>\n<meta property=\"article:modified_time\" content=\"2021-05-03T16:12:55+00:00\" \/>\n<meta name=\"author\" content=\"ralfbj70\" \/>\n<meta name=\"twitter:card\" content=\"summary_large_image\" \/>\n<meta name=\"twitter:label1\" content=\"Verfasst von\" \/>\n\t<meta name=\"twitter:data1\" content=\"ralfbj70\" \/>\n<script type=\"application\/ld+json\" class=\"yoast-schema-graph\">{\"@context\":\"https:\\\/\\\/schema.org\",\"@graph\":[{\"@type\":\"Article\",\"@id\":\"https:\\\/\\\/chronik.berliner-verkehr.de\\\/?p=2691#article\",\"isPartOf\":{\"@id\":\"https:\\\/\\\/chronik.berliner-verkehr.de\\\/?p=2691\"},\"author\":{\"name\":\"ralfbj70\",\"@id\":\"https:\\\/\\\/chronik.berliner-verkehr.de\\\/#\\\/schema\\\/person\\\/0aafc2c308e915dc30d0c77868efda48\"},\"headline\":\"1939-11-01 Stra\u00dfenbahn: Beginn des Stadtg\u00fcterverkehrs mit Stra\u00dfenbahnen\",\"datePublished\":\"1939-11-01T17:12:43+00:00\",\"dateModified\":\"2021-05-03T16:12:55+00:00\",\"mainEntityOfPage\":{\"@id\":\"https:\\\/\\\/chronik.berliner-verkehr.de\\\/?p=2691\"},\"wordCount\":33,\"commentCount\":0,\"articleSection\":[\"G\u00fcterverkehr\",\"Stra\u00dfenbahn\"],\"inLanguage\":\"de\",\"potentialAction\":[{\"@type\":\"CommentAction\",\"name\":\"Comment\",\"target\":[\"https:\\\/\\\/chronik.berliner-verkehr.de\\\/?p=2691#respond\"]}]},{\"@type\":\"WebPage\",\"@id\":\"https:\\\/\\\/chronik.berliner-verkehr.de\\\/?p=2691\",\"url\":\"https:\\\/\\\/chronik.berliner-verkehr.de\\\/?p=2691\",\"name\":\"1939-11-01 Stra\u00dfenbahn: Beginn des Stadtg\u00fcterverkehrs mit Stra\u00dfenbahnen - Chronik Berlin\",\"isPartOf\":{\"@id\":\"https:\\\/\\\/chronik.berliner-verkehr.de\\\/#website\"},\"datePublished\":\"1939-11-01T17:12:43+00:00\",\"dateModified\":\"2021-05-03T16:12:55+00:00\",\"author\":{\"@id\":\"https:\\\/\\\/chronik.berliner-verkehr.de\\\/#\\\/schema\\\/person\\\/0aafc2c308e915dc30d0c77868efda48\"},\"breadcrumb\":{\"@id\":\"https:\\\/\\\/chronik.berliner-verkehr.de\\\/?p=2691#breadcrumb\"},\"inLanguage\":\"de\",\"potentialAction\":[{\"@type\":\"ReadAction\",\"target\":[\"https:\\\/\\\/chronik.berliner-verkehr.de\\\/?p=2691\"]}]},{\"@type\":\"BreadcrumbList\",\"@id\":\"https:\\\/\\\/chronik.berliner-verkehr.de\\\/?p=2691#breadcrumb\",\"itemListElement\":[{\"@type\":\"ListItem\",\"position\":1,\"name\":\"Startseite\",\"item\":\"https:\\\/\\\/chronik.berliner-verkehr.de\\\/\"},{\"@type\":\"ListItem\",\"position\":2,\"name\":\"1939-11-01 Stra\u00dfenbahn: Beginn des Stadtg\u00fcterverkehrs mit Stra\u00dfenbahnen\"}]},{\"@type\":\"WebSite\",\"@id\":\"https:\\\/\\\/chronik.berliner-verkehr.de\\\/#website\",\"url\":\"https:\\\/\\\/chronik.berliner-verkehr.de\\\/\",\"name\":\"Chronik Berlin\",\"description\":\"Chronik von Berlin:Verkehr\",\"potentialAction\":[{\"@type\":\"SearchAction\",\"target\":{\"@type\":\"EntryPoint\",\"urlTemplate\":\"https:\\\/\\\/chronik.berliner-verkehr.de\\\/?s={search_term_string}\"},\"query-input\":{\"@type\":\"PropertyValueSpecification\",\"valueRequired\":true,\"valueName\":\"search_term_string\"}}],\"inLanguage\":\"de\"},{\"@type\":\"Person\",\"@id\":\"https:\\\/\\\/chronik.berliner-verkehr.de\\\/#\\\/schema\\\/person\\\/0aafc2c308e915dc30d0c77868efda48\",\"name\":\"ralfbj70\",\"image\":{\"@type\":\"ImageObject\",\"inLanguage\":\"de\",\"@id\":\"https:\\\/\\\/secure.gravatar.com\\\/avatar\\\/ea0988e51fb7b4df6a45e2826bf423f784b45c1f3c7d412d22f1551a136ffc12?s=96&d=mm&r=g\",\"url\":\"https:\\\/\\\/secure.gravatar.com\\\/avatar\\\/ea0988e51fb7b4df6a45e2826bf423f784b45c1f3c7d412d22f1551a136ffc12?s=96&d=mm&r=g\",\"contentUrl\":\"https:\\\/\\\/secure.gravatar.com\\\/avatar\\\/ea0988e51fb7b4df6a45e2826bf423f784b45c1f3c7d412d22f1551a136ffc12?s=96&d=mm&r=g\",\"caption\":\"ralfbj70\"},\"url\":\"https:\\\/\\\/chronik.berliner-verkehr.de\\\/?author=1\"}]}<\/script>\n<!-- \/ Yoast SEO plugin. -->","yoast_head_json":{"title":"1939-11-01 Stra\u00dfenbahn: Beginn des Stadtg\u00fcterverkehrs mit Stra\u00dfenbahnen - Chronik Berlin","robots":{"index":"index","follow":"follow","max-snippet":"max-snippet:-1","max-image-preview":"max-image-preview:large","max-video-preview":"max-video-preview:-1"},"canonical":"https:\/\/chronik.berliner-verkehr.de\/?p=2691","og_locale":"de_DE","og_type":"article","og_title":"1939-11-01 Stra\u00dfenbahn: Beginn des Stadtg\u00fcterverkehrs mit Stra\u00dfenbahnen - Chronik Berlin","og_description":"November 1939: Stra\u00dfenbahn: Beginn des Stadtg\u00fcterverkehrs mit Stra\u00dfenbahnen (Quelle: S. Hilkenbach und W. Kramer, Typisch Berlin &#8211; Ein BVG-Portr\u00e4t, 1987)","og_url":"https:\/\/chronik.berliner-verkehr.de\/?p=2691","og_site_name":"Chronik Berlin","article_published_time":"1939-11-01T17:12:43+00:00","article_modified_time":"2021-05-03T16:12:55+00:00","author":"ralfbj70","twitter_card":"summary_large_image","twitter_misc":{"Verfasst von":"ralfbj70"},"schema":{"@context":"https:\/\/schema.org","@graph":[{"@type":"Article","@id":"https:\/\/chronik.berliner-verkehr.de\/?p=2691#article","isPartOf":{"@id":"https:\/\/chronik.berliner-verkehr.de\/?p=2691"},"author":{"name":"ralfbj70","@id":"https:\/\/chronik.berliner-verkehr.de\/#\/schema\/person\/0aafc2c308e915dc30d0c77868efda48"},"headline":"1939-11-01 Stra\u00dfenbahn: Beginn des Stadtg\u00fcterverkehrs mit Stra\u00dfenbahnen","datePublished":"1939-11-01T17:12:43+00:00","dateModified":"2021-05-03T16:12:55+00:00","mainEntityOfPage":{"@id":"https:\/\/chronik.berliner-verkehr.de\/?p=2691"},"wordCount":33,"commentCount":0,"articleSection":["G\u00fcterverkehr","Stra\u00dfenbahn"],"inLanguage":"de","potentialAction":[{"@type":"CommentAction","name":"Comment","target":["https:\/\/chronik.berliner-verkehr.de\/?p=2691#respond"]}]},{"@type":"WebPage","@id":"https:\/\/chronik.berliner-verkehr.de\/?p=2691","url":"https:\/\/chronik.berliner-verkehr.de\/?p=2691","name":"1939-11-01 Stra\u00dfenbahn: Beginn des Stadtg\u00fcterverkehrs mit Stra\u00dfenbahnen - Chronik Berlin","isPartOf":{"@id":"https:\/\/chronik.berliner-verkehr.de\/#website"},"datePublished":"1939-11-01T17:12:43+00:00","dateModified":"2021-05-03T16:12:55+00:00","author":{"@id":"https:\/\/chronik.berliner-verkehr.de\/#\/schema\/person\/0aafc2c308e915dc30d0c77868efda48"},"breadcrumb":{"@id":"https:\/\/chronik.berliner-verkehr.de\/?p=2691#breadcrumb"},"inLanguage":"de","potentialAction":[{"@type":"ReadAction","target":["https:\/\/chronik.berliner-verkehr.de\/?p=2691"]}]},{"@type":"BreadcrumbList","@id":"https:\/\/chronik.berliner-verkehr.de\/?p=2691#breadcrumb","itemListElement":[{"@type":"ListItem","position":1,"name":"Startseite","item":"https:\/\/chronik.berliner-verkehr.de\/"},{"@type":"ListItem","position":2,"name":"1939-11-01 Stra\u00dfenbahn: Beginn des Stadtg\u00fcterverkehrs mit Stra\u00dfenbahnen"}]},{"@type":"WebSite","@id":"https:\/\/chronik.berliner-verkehr.de\/#website","url":"https:\/\/chronik.berliner-verkehr.de\/","name":"Chronik Berlin","description":"Chronik von Berlin:Verkehr","potentialAction":[{"@type":"SearchAction","target":{"@type":"EntryPoint","urlTemplate":"https:\/\/chronik.berliner-verkehr.de\/?s={search_term_string}"},"query-input":{"@type":"PropertyValueSpecification","valueRequired":true,"valueName":"search_term_string"}}],"inLanguage":"de"},{"@type":"Person","@id":"https:\/\/chronik.berliner-verkehr.de\/#\/schema\/person\/0aafc2c308e915dc30d0c77868efda48","name":"ralfbj70","image":{"@type":"ImageObject","inLanguage":"de","@id":"https:\/\/secure.gravatar.com\/avatar\/ea0988e51fb7b4df6a45e2826bf423f784b45c1f3c7d412d22f1551a136ffc12?s=96&d=mm&r=g","url":"https:\/\/secure.gravatar.com\/avatar\/ea0988e51fb7b4df6a45e2826bf423f784b45c1f3c7d412d22f1551a136ffc12?s=96&d=mm&r=g","contentUrl":"https:\/\/secure.gravatar.com\/avatar\/ea0988e51fb7b4df6a45e2826bf423f784b45c1f3c7d412d22f1551a136ffc12?s=96&d=mm&r=g","caption":"ralfbj70"},"url":"https:\/\/chronik.berliner-verkehr.de\/?author=1"}]}},"_links":{"self":[{"href":"https:\/\/chronik.berliner-verkehr.de\/index.php?rest_route=\/wp\/v2\/posts\/2691","targetHints":{"allow":["GET"]}}],"collection":[{"href":"https:\/\/chronik.berliner-verkehr.de\/index.php?rest_route=\/wp\/v2\/posts"}],"about":[{"href":"https:\/\/chronik.berliner-verkehr.de\/index.php?rest_route=\/wp\/v2\/types\/post"}],"author":[{"embeddable":true,"href":"https:\/\/chronik.berliner-verkehr.de\/index.php?rest_route=\/wp\/v2\/users\/1"}],"replies":[{"embeddable":true,"href":"https:\/\/chronik.berliner-verkehr.de\/index.php?rest_route=%2Fwp%2Fv2%2Fcomments&post=2691"}],"version-history":[{"count":1,"href":"https:\/\/chronik.berliner-verkehr.de\/index.php?rest_route=\/wp\/v2\/posts\/2691\/revisions"}],"predecessor-version":[{"id":2692,"href":"https:\/\/chronik.berliner-verkehr.de\/index.php?rest_route=\/wp\/v2\/posts\/2691\/revisions\/2692"}],"wp:attachment":[{"href":"https:\/\/chronik.berliner-verkehr.de\/index.php?rest_route=%2Fwp%2Fv2%2Fmedia&parent=2691"}],"curies":[{"name":"wp","href":"https:\/\/api.w.org\/{rel}","templated":true}]}}