{"id":3031,"date":"2018-09-18T17:06:52","date_gmt":"2018-09-18T15:06:52","guid":{"rendered":"https:\/\/chronik.berliner-verkehr.de\/?p=3031"},"modified":"2021-05-12T18:09:59","modified_gmt":"2021-05-12T16:09:59","slug":"2018-09-18-bahnindustrie-messe-innotrans-in-berlin","status":"publish","type":"post","link":"https:\/\/chronik.berliner-verkehr.de\/?p=3031","title":{"rendered":"2018-09-18 Bahnindustrie: Messe Innotrans in Berlin"},"content":{"rendered":"\n<p>Die Messe InnoTrans Berlin [18.09.-21.09.2018] ist die internationale Fachmesse f\u00fcr Verkehrstechnik, Innovative Komponenten, Fahrzeuge und Systeme. Mehr als 2.700 Aussteller aus \u00fcber 50 L\u00e4ndern des Personen- und G\u00fcterverkehrs pr\u00e4sentieren auf der InnoTrans Messe Berlin Komponenten, Fahrzeuge, Systeme sowie ein breites Spektrum spurgebundener Fahrzeuge und Schienenverkehrstechnik. Im Rahmen der Fachmesse InnoTrans Berlin Messe findet die Convention statt. Den thematischen Schwerpunkt bildet das Dialog Forum.<\/p>\n\n\n\n<p>(Quelle: https:\/\/www.pressebox.de\/events\/innotrans-2018\/5487 , abgerufen am 12.05.2021)<\/p>\n\n\n\n<p>InnoTrans zeigt sich auch 2018 als Motor der Bahnbranche<\/p>\n\n\n\n<pre class=\"wp-block-preformatted\">- \u00dcber 160.000 Besucher\n   - Hohe Zufriedenheit bei Ausstellern und Fachbesuchern\n   - Rund 12.000 Privatbesucher bei Publikumstagen\n   - Ausstellerstimmen <\/pre>\n\n\n\n<p>Die Schiene boomt &#8211; das zeigt die erfolgreiche Bilanz der InnoTrans 2018. Nach vier Messetagen schloss die internationale Leitmesse f\u00fcr Verkehrstechnik am 21. September ihre Tore. Zur\u00fcck bleiben hochzufriedene Aussteller und Fachbesucher. Auf dem komplett belegten Berliner Messegel\u00e4nde pr\u00e4sentierten 3.062 Aussteller aus 61 L\u00e4ndern das gesamte Produkt- und Service-Repertoire der Mobilit\u00e4tsbranche. Mit dabei: \u00fcber 400 Innovationen, 155 Weltpremieren und 155 Fahrzeuge. Alternative Antriebe, batterie- und brennstoffzellenbetriebene Z\u00fcge und Elektrobusse f\u00fcr den Stadtverkehr geh\u00f6rten zu den Top-Themen der Messe.<\/p>\n\n\n\n<p>161.157 internationale Messeg\u00e4ste kamen in die deutsche Hauptstadt, um sich an den Fachbesuchertagen \u00fcber das umfangreiche Branchenangebot zu informieren. 153.421 davon waren Fachbesucher aus 149 L\u00e4ndern. Die Publikumstage lockten am Wochenende noch einmal rund 12.000 Privatbesucher auf das Gleis- und Freigel\u00e4nde der InnoTrans.<\/p>\n\n\n\n<p>L\u00e4nder\u00fcbergreifend: InnoTrans verbindet M\u00e4rkte<\/p>\n\n\n\n<p>Die InnoTrans wurde in diesem Jahr ihrem Ruf als internationaler Business-Hotspot und Wirtschaftsmotor der Branche wieder einmal mehr als gerecht. Rafael Santana, Pr\u00e4sident und CEO von GE Transportation, meldete beispielsweise einen Abschluss mit der kasachischen Eisenbahn Kazakhstan Temir Zholy (KTZ), die 300 Rangierlokomotiven bestellt hat. Siemens Mobility und die Deutsche Bahn wollen bei der Umsetzung neuer Ideen f\u00fcr das Reisen in der Bahn zusammenarbeiten. F\u00fcr Siemens unterzeichneten auf der InnoTrans 2018 Sabrina Soussan, CEO von Siemens Mobility, Sabina Jeschke, DB-Vorst\u00e4ndin f\u00fcr Digitalisierung und Technik sowie Dr. J\u00f6rg Sandvo\u00df, Vorstandsvorsitzender der DB Regio AG, eine entsprechende Vereinbarung.<\/p>\n\n\n\n<p>Auch die deutsche und die chinesische Bahnindustrie wollen im Schienenverkehr f\u00fcr Metropolen eng kooperieren. <a href=\"https:\/\/www.presseportal.de\/pm\/6600\/4070422\">Der Pr\u00e4sident des Verbands der Bahnindustrie in Deutschland (VDB), Volker Schenk, &#8230;<\/a><\/p>\n\n\n\n<p>(Quelle: https:\/\/www.presseportal.de\/pm\/6600\/4070422 , abgerufen am 12.05.2021)<\/p>\n","protected":false},"excerpt":{"rendered":"<p>Die Messe InnoTrans Berlin [18.09.-21.09.2018] ist die internationale Fachmesse f\u00fcr Verkehrstechnik, Innovative Komponenten, Fahrzeuge und Systeme. Mehr als 2.700 Aussteller aus \u00fcber 50 L\u00e4ndern des Personen- und G\u00fcterverkehrs pr\u00e4sentieren auf der InnoTrans Messe Berlin Komponenten, Fahrzeuge, Systeme sowie ein breites Spektrum spurgebundener Fahrzeuge und Schienenverkehrstechnik. Im Rahmen der Fachmesse InnoTrans Berlin Messe findet die Convention &hellip; <a href=\"https:\/\/chronik.berliner-verkehr.de\/?p=3031\" class=\"more-link\"><span class=\"screen-reader-text\">\u201e2018-09-18 Bahnindustrie: Messe Innotrans in Berlin\u201c <\/span>weiterlesen<\/a><\/p>\n","protected":false},"author":1,"featured_media":0,"comment_status":"closed","ping_status":"open","sticky":false,"template":"","format":"standard","meta":{"footnotes":""},"class_list":["post-3031","post","type-post","status-publish","format-standard","hentry","category-bahnindustrie","category-messe","category-wirtschaft"],"yoast_head":"<!-- This site is optimized with the Yoast SEO plugin v27.4 - https:\/\/yoast.com\/product\/yoast-seo-wordpress\/ -->\n<title>2018-09-18 Bahnindustrie: Messe Innotrans in Berlin - Chronik Berlin<\/title>\n<meta name=\"robots\" content=\"index, follow, max-snippet:-1, max-image-preview:large, max-video-preview:-1\" \/>\n<link rel=\"canonical\" href=\"https:\/\/chronik.berliner-verkehr.de\/?p=3031\" \/>\n<meta property=\"og:locale\" content=\"de_DE\" \/>\n<meta property=\"og:type\" content=\"article\" \/>\n<meta property=\"og:title\" content=\"2018-09-18 Bahnindustrie: Messe Innotrans in Berlin - Chronik Berlin\" \/>\n<meta property=\"og:description\" content=\"Die Messe InnoTrans Berlin [18.09.-21.09.2018] ist die internationale Fachmesse f\u00fcr Verkehrstechnik, Innovative Komponenten, Fahrzeuge und Systeme. Mehr als 2.700 Aussteller aus \u00fcber 50 L\u00e4ndern des Personen- und G\u00fcterverkehrs pr\u00e4sentieren auf der InnoTrans Messe Berlin Komponenten, Fahrzeuge, Systeme sowie ein breites Spektrum spurgebundener Fahrzeuge und Schienenverkehrstechnik. Im Rahmen der Fachmesse InnoTrans Berlin Messe findet die Convention &hellip; \u201e2018-09-18 Bahnindustrie: Messe Innotrans in Berlin\u201c weiterlesen\" \/>\n<meta property=\"og:url\" content=\"https:\/\/chronik.berliner-verkehr.de\/?p=3031\" \/>\n<meta property=\"og:site_name\" content=\"Chronik Berlin\" \/>\n<meta property=\"article:published_time\" content=\"2018-09-18T15:06:52+00:00\" \/>\n<meta property=\"article:modified_time\" content=\"2021-05-12T16:09:59+00:00\" \/>\n<meta name=\"author\" content=\"ralfbj70\" \/>\n<meta name=\"twitter:card\" content=\"summary_large_image\" \/>\n<meta name=\"twitter:label1\" content=\"Verfasst von\" \/>\n\t<meta name=\"twitter:data1\" content=\"ralfbj70\" \/>\n\t<meta name=\"twitter:label2\" content=\"Gesch\u00e4tzte Lesezeit\" \/>\n\t<meta name=\"twitter:data2\" content=\"2\u00a0Minuten\" \/>\n<script type=\"application\/ld+json\" class=\"yoast-schema-graph\">{\"@context\":\"https:\\\/\\\/schema.org\",\"@graph\":[{\"@type\":\"Article\",\"@id\":\"https:\\\/\\\/chronik.berliner-verkehr.de\\\/?p=3031#article\",\"isPartOf\":{\"@id\":\"https:\\\/\\\/chronik.berliner-verkehr.de\\\/?p=3031\"},\"author\":{\"name\":\"ralfbj70\",\"@id\":\"https:\\\/\\\/chronik.berliner-verkehr.de\\\/#\\\/schema\\\/person\\\/0aafc2c308e915dc30d0c77868efda48\"},\"headline\":\"2018-09-18 Bahnindustrie: Messe Innotrans in Berlin\",\"datePublished\":\"2018-09-18T15:06:52+00:00\",\"dateModified\":\"2021-05-12T16:09:59+00:00\",\"mainEntityOfPage\":{\"@id\":\"https:\\\/\\\/chronik.berliner-verkehr.de\\\/?p=3031\"},\"wordCount\":353,\"articleSection\":[\"Bahnindustrie\",\"Messe\",\"Wirtschaft\"],\"inLanguage\":\"de\"},{\"@type\":\"WebPage\",\"@id\":\"https:\\\/\\\/chronik.berliner-verkehr.de\\\/?p=3031\",\"url\":\"https:\\\/\\\/chronik.berliner-verkehr.de\\\/?p=3031\",\"name\":\"2018-09-18 Bahnindustrie: Messe Innotrans in Berlin - Chronik Berlin\",\"isPartOf\":{\"@id\":\"https:\\\/\\\/chronik.berliner-verkehr.de\\\/#website\"},\"datePublished\":\"2018-09-18T15:06:52+00:00\",\"dateModified\":\"2021-05-12T16:09:59+00:00\",\"author\":{\"@id\":\"https:\\\/\\\/chronik.berliner-verkehr.de\\\/#\\\/schema\\\/person\\\/0aafc2c308e915dc30d0c77868efda48\"},\"breadcrumb\":{\"@id\":\"https:\\\/\\\/chronik.berliner-verkehr.de\\\/?p=3031#breadcrumb\"},\"inLanguage\":\"de\",\"potentialAction\":[{\"@type\":\"ReadAction\",\"target\":[\"https:\\\/\\\/chronik.berliner-verkehr.de\\\/?p=3031\"]}]},{\"@type\":\"BreadcrumbList\",\"@id\":\"https:\\\/\\\/chronik.berliner-verkehr.de\\\/?p=3031#breadcrumb\",\"itemListElement\":[{\"@type\":\"ListItem\",\"position\":1,\"name\":\"Startseite\",\"item\":\"https:\\\/\\\/chronik.berliner-verkehr.de\\\/\"},{\"@type\":\"ListItem\",\"position\":2,\"name\":\"2018-09-18 Bahnindustrie: Messe Innotrans in Berlin\"}]},{\"@type\":\"WebSite\",\"@id\":\"https:\\\/\\\/chronik.berliner-verkehr.de\\\/#website\",\"url\":\"https:\\\/\\\/chronik.berliner-verkehr.de\\\/\",\"name\":\"Chronik Berlin\",\"description\":\"Chronik von Berlin:Verkehr\",\"potentialAction\":[{\"@type\":\"SearchAction\",\"target\":{\"@type\":\"EntryPoint\",\"urlTemplate\":\"https:\\\/\\\/chronik.berliner-verkehr.de\\\/?s={search_term_string}\"},\"query-input\":{\"@type\":\"PropertyValueSpecification\",\"valueRequired\":true,\"valueName\":\"search_term_string\"}}],\"inLanguage\":\"de\"},{\"@type\":\"Person\",\"@id\":\"https:\\\/\\\/chronik.berliner-verkehr.de\\\/#\\\/schema\\\/person\\\/0aafc2c308e915dc30d0c77868efda48\",\"name\":\"ralfbj70\",\"image\":{\"@type\":\"ImageObject\",\"inLanguage\":\"de\",\"@id\":\"https:\\\/\\\/secure.gravatar.com\\\/avatar\\\/ea0988e51fb7b4df6a45e2826bf423f784b45c1f3c7d412d22f1551a136ffc12?s=96&d=mm&r=g\",\"url\":\"https:\\\/\\\/secure.gravatar.com\\\/avatar\\\/ea0988e51fb7b4df6a45e2826bf423f784b45c1f3c7d412d22f1551a136ffc12?s=96&d=mm&r=g\",\"contentUrl\":\"https:\\\/\\\/secure.gravatar.com\\\/avatar\\\/ea0988e51fb7b4df6a45e2826bf423f784b45c1f3c7d412d22f1551a136ffc12?s=96&d=mm&r=g\",\"caption\":\"ralfbj70\"},\"url\":\"https:\\\/\\\/chronik.berliner-verkehr.de\\\/?author=1\"}]}<\/script>\n<!-- \/ Yoast SEO plugin. -->","yoast_head_json":{"title":"2018-09-18 Bahnindustrie: Messe Innotrans in Berlin - Chronik Berlin","robots":{"index":"index","follow":"follow","max-snippet":"max-snippet:-1","max-image-preview":"max-image-preview:large","max-video-preview":"max-video-preview:-1"},"canonical":"https:\/\/chronik.berliner-verkehr.de\/?p=3031","og_locale":"de_DE","og_type":"article","og_title":"2018-09-18 Bahnindustrie: Messe Innotrans in Berlin - Chronik Berlin","og_description":"Die Messe InnoTrans Berlin [18.09.-21.09.2018] ist die internationale Fachmesse f\u00fcr Verkehrstechnik, Innovative Komponenten, Fahrzeuge und Systeme. Mehr als 2.700 Aussteller aus \u00fcber 50 L\u00e4ndern des Personen- und G\u00fcterverkehrs pr\u00e4sentieren auf der InnoTrans Messe Berlin Komponenten, Fahrzeuge, Systeme sowie ein breites Spektrum spurgebundener Fahrzeuge und Schienenverkehrstechnik. Im Rahmen der Fachmesse InnoTrans Berlin Messe findet die Convention &hellip; \u201e2018-09-18 Bahnindustrie: Messe Innotrans in Berlin\u201c weiterlesen","og_url":"https:\/\/chronik.berliner-verkehr.de\/?p=3031","og_site_name":"Chronik Berlin","article_published_time":"2018-09-18T15:06:52+00:00","article_modified_time":"2021-05-12T16:09:59+00:00","author":"ralfbj70","twitter_card":"summary_large_image","twitter_misc":{"Verfasst von":"ralfbj70","Gesch\u00e4tzte Lesezeit":"2\u00a0Minuten"},"schema":{"@context":"https:\/\/schema.org","@graph":[{"@type":"Article","@id":"https:\/\/chronik.berliner-verkehr.de\/?p=3031#article","isPartOf":{"@id":"https:\/\/chronik.berliner-verkehr.de\/?p=3031"},"author":{"name":"ralfbj70","@id":"https:\/\/chronik.berliner-verkehr.de\/#\/schema\/person\/0aafc2c308e915dc30d0c77868efda48"},"headline":"2018-09-18 Bahnindustrie: Messe Innotrans in Berlin","datePublished":"2018-09-18T15:06:52+00:00","dateModified":"2021-05-12T16:09:59+00:00","mainEntityOfPage":{"@id":"https:\/\/chronik.berliner-verkehr.de\/?p=3031"},"wordCount":353,"articleSection":["Bahnindustrie","Messe","Wirtschaft"],"inLanguage":"de"},{"@type":"WebPage","@id":"https:\/\/chronik.berliner-verkehr.de\/?p=3031","url":"https:\/\/chronik.berliner-verkehr.de\/?p=3031","name":"2018-09-18 Bahnindustrie: Messe Innotrans in Berlin - Chronik Berlin","isPartOf":{"@id":"https:\/\/chronik.berliner-verkehr.de\/#website"},"datePublished":"2018-09-18T15:06:52+00:00","dateModified":"2021-05-12T16:09:59+00:00","author":{"@id":"https:\/\/chronik.berliner-verkehr.de\/#\/schema\/person\/0aafc2c308e915dc30d0c77868efda48"},"breadcrumb":{"@id":"https:\/\/chronik.berliner-verkehr.de\/?p=3031#breadcrumb"},"inLanguage":"de","potentialAction":[{"@type":"ReadAction","target":["https:\/\/chronik.berliner-verkehr.de\/?p=3031"]}]},{"@type":"BreadcrumbList","@id":"https:\/\/chronik.berliner-verkehr.de\/?p=3031#breadcrumb","itemListElement":[{"@type":"ListItem","position":1,"name":"Startseite","item":"https:\/\/chronik.berliner-verkehr.de\/"},{"@type":"ListItem","position":2,"name":"2018-09-18 Bahnindustrie: Messe Innotrans in Berlin"}]},{"@type":"WebSite","@id":"https:\/\/chronik.berliner-verkehr.de\/#website","url":"https:\/\/chronik.berliner-verkehr.de\/","name":"Chronik Berlin","description":"Chronik von Berlin:Verkehr","potentialAction":[{"@type":"SearchAction","target":{"@type":"EntryPoint","urlTemplate":"https:\/\/chronik.berliner-verkehr.de\/?s={search_term_string}"},"query-input":{"@type":"PropertyValueSpecification","valueRequired":true,"valueName":"search_term_string"}}],"inLanguage":"de"},{"@type":"Person","@id":"https:\/\/chronik.berliner-verkehr.de\/#\/schema\/person\/0aafc2c308e915dc30d0c77868efda48","name":"ralfbj70","image":{"@type":"ImageObject","inLanguage":"de","@id":"https:\/\/secure.gravatar.com\/avatar\/ea0988e51fb7b4df6a45e2826bf423f784b45c1f3c7d412d22f1551a136ffc12?s=96&d=mm&r=g","url":"https:\/\/secure.gravatar.com\/avatar\/ea0988e51fb7b4df6a45e2826bf423f784b45c1f3c7d412d22f1551a136ffc12?s=96&d=mm&r=g","contentUrl":"https:\/\/secure.gravatar.com\/avatar\/ea0988e51fb7b4df6a45e2826bf423f784b45c1f3c7d412d22f1551a136ffc12?s=96&d=mm&r=g","caption":"ralfbj70"},"url":"https:\/\/chronik.berliner-verkehr.de\/?author=1"}]}},"_links":{"self":[{"href":"https:\/\/chronik.berliner-verkehr.de\/index.php?rest_route=\/wp\/v2\/posts\/3031","targetHints":{"allow":["GET"]}}],"collection":[{"href":"https:\/\/chronik.berliner-verkehr.de\/index.php?rest_route=\/wp\/v2\/posts"}],"about":[{"href":"https:\/\/chronik.berliner-verkehr.de\/index.php?rest_route=\/wp\/v2\/types\/post"}],"author":[{"embeddable":true,"href":"https:\/\/chronik.berliner-verkehr.de\/index.php?rest_route=\/wp\/v2\/users\/1"}],"replies":[{"embeddable":true,"href":"https:\/\/chronik.berliner-verkehr.de\/index.php?rest_route=%2Fwp%2Fv2%2Fcomments&post=3031"}],"version-history":[{"count":4,"href":"https:\/\/chronik.berliner-verkehr.de\/index.php?rest_route=\/wp\/v2\/posts\/3031\/revisions"}],"predecessor-version":[{"id":3071,"href":"https:\/\/chronik.berliner-verkehr.de\/index.php?rest_route=\/wp\/v2\/posts\/3031\/revisions\/3071"}],"wp:attachment":[{"href":"https:\/\/chronik.berliner-verkehr.de\/index.php?rest_route=%2Fwp%2Fv2%2Fmedia&parent=3031"}],"curies":[{"name":"wp","href":"https:\/\/api.w.org\/{rel}","templated":true}]}}