{"id":3040,"date":"2008-09-23T17:19:49","date_gmt":"2008-09-23T15:19:49","guid":{"rendered":"https:\/\/chronik.berliner-verkehr.de\/?p=3040"},"modified":"2021-05-12T17:20:00","modified_gmt":"2021-05-12T15:20:00","slug":"2008-09-23-bahnindustrie-messe-innotrans-in-berlin","status":"publish","type":"post","link":"https:\/\/chronik.berliner-verkehr.de\/?p=3040","title":{"rendered":"2008-09-23 Bahnindustrie: Messe Innotrans in Berlin"},"content":{"rendered":"\n<p>&#8211; Erstmals gesamtes Messegel\u00e4nde genutzt<br>&#8211; Zus\u00e4tzliche Gleise f\u00fcr Pr\u00e4sentationen<br>&#8211; Branchenleitmesse vom 23. \u2013 26. 9. in Berlin<\/p>\n\n\n\n<p>Seit zw\u00f6lf Jahren h\u00e4lt das Wachstum der InnoTrans \u2013 Internationale Fachmesse f\u00fcr Verkehrstechnik unvermindert an. Sowohl bei den Aussteller- und Besucherzahlen als auch bei der Hallen- und Freifl\u00e4che gab es seit der Premiere 1996 eine kontinuierliche Steigerung \u2013 zeitweise sogar gegen den Branchentrend. Jetzt hat dieses Wachstum eine neue Dimension erreicht: Die bislang genutzte Hallenfl\u00e4che im S\u00fcdgel\u00e4nde der Messe Berlin reicht nicht mehr aus. Die Weltleitmesse der Schienenverkehrstechnik wird deshalb im September 2008 zum ersten Mal das gesamte Messegel\u00e4nde am Berliner Funkturm belegen. Das neue Gel\u00e4ndekonzept sieht zugleich vor, die einzelnen Fachmessesegmente der InnoTrans noch klarer zu strukturieren.<\/p>\n\n\n\n<p>Auch bei den messeigenen Gleisen f\u00fcr Fahrzeugpr\u00e4sentationen \u00fcberstiegen die Kundenanfragen das vorhandene Angebot. Nun gibt es gute Nachrichten f\u00fcr die Aussteller aus dem In- und Ausland: Die direkt an die Ausstellungshallen angebundene moderne Gleisanlage wird bis zum Messestart am 23. September noch einmal um 1.500 laufende Meter erweitert.<\/p>\n\n\n\n<p>&#8222;<a href=\"https:\/\/www.pressebox.de\/inaktiv\/messe-berlin-gmbh\/Verkehrstechnik-Messe-InnoTrans-boomt\/boxid\/146902\">Das sind entscheidende Weichenstellungen in der 12-j\u00e4hrigen Geschichte der InnoTrans&#8220;, erkl\u00e4rt &#8230;<\/a><\/p>\n\n\n\n<p>(Quelle: https:\/\/www.pressebox.de\/inaktiv\/messe-berlin-gmbh\/Verkehrstechnik-Messe-InnoTrans-boomt\/boxid\/146902 , abgerufen am 12.05.2021)<\/p>\n","protected":false},"excerpt":{"rendered":"<p>&#8211; Erstmals gesamtes Messegel\u00e4nde genutzt&#8211; Zus\u00e4tzliche Gleise f\u00fcr Pr\u00e4sentationen&#8211; Branchenleitmesse vom 23. \u2013 26. 9. in Berlin Seit zw\u00f6lf Jahren h\u00e4lt das Wachstum der InnoTrans \u2013 Internationale Fachmesse f\u00fcr Verkehrstechnik unvermindert an. Sowohl bei den Aussteller- und Besucherzahlen als auch bei der Hallen- und Freifl\u00e4che gab es seit der Premiere 1996 eine kontinuierliche Steigerung \u2013 &hellip; <a href=\"https:\/\/chronik.berliner-verkehr.de\/?p=3040\" class=\"more-link\"><span class=\"screen-reader-text\">\u201e2008-09-23 Bahnindustrie: Messe Innotrans in Berlin\u201c <\/span>weiterlesen<\/a><\/p>\n","protected":false},"author":1,"featured_media":0,"comment_status":"closed","ping_status":"open","sticky":false,"template":"","format":"standard","meta":{"footnotes":""},"class_list":["post-3040","post","type-post","status-publish","format-standard","hentry","category-bahnindustrie","category-messe","category-wirtschaft"],"yoast_head":"<!-- This site is optimized with the Yoast SEO plugin v27.4 - https:\/\/yoast.com\/product\/yoast-seo-wordpress\/ -->\n<title>2008-09-23 Bahnindustrie: Messe Innotrans in Berlin - Chronik Berlin<\/title>\n<meta name=\"robots\" content=\"index, follow, max-snippet:-1, max-image-preview:large, max-video-preview:-1\" \/>\n<link rel=\"canonical\" href=\"https:\/\/chronik.berliner-verkehr.de\/?p=3040\" \/>\n<meta property=\"og:locale\" content=\"de_DE\" \/>\n<meta property=\"og:type\" content=\"article\" \/>\n<meta property=\"og:title\" content=\"2008-09-23 Bahnindustrie: Messe Innotrans in Berlin - Chronik Berlin\" \/>\n<meta property=\"og:description\" content=\"&#8211; Erstmals gesamtes Messegel\u00e4nde genutzt&#8211; Zus\u00e4tzliche Gleise f\u00fcr Pr\u00e4sentationen&#8211; Branchenleitmesse vom 23. \u2013 26. 9. in Berlin Seit zw\u00f6lf Jahren h\u00e4lt das Wachstum der InnoTrans \u2013 Internationale Fachmesse f\u00fcr Verkehrstechnik unvermindert an. Sowohl bei den Aussteller- und Besucherzahlen als auch bei der Hallen- und Freifl\u00e4che gab es seit der Premiere 1996 eine kontinuierliche Steigerung \u2013 &hellip; \u201e2008-09-23 Bahnindustrie: Messe Innotrans in Berlin\u201c weiterlesen\" \/>\n<meta property=\"og:url\" content=\"https:\/\/chronik.berliner-verkehr.de\/?p=3040\" \/>\n<meta property=\"og:site_name\" content=\"Chronik Berlin\" \/>\n<meta property=\"article:published_time\" content=\"2008-09-23T15:19:49+00:00\" \/>\n<meta property=\"article:modified_time\" content=\"2021-05-12T15:20:00+00:00\" \/>\n<meta name=\"author\" content=\"ralfbj70\" \/>\n<meta name=\"twitter:card\" content=\"summary_large_image\" \/>\n<meta name=\"twitter:label1\" content=\"Verfasst von\" \/>\n\t<meta name=\"twitter:data1\" content=\"ralfbj70\" \/>\n\t<meta name=\"twitter:label2\" content=\"Gesch\u00e4tzte Lesezeit\" \/>\n\t<meta name=\"twitter:data2\" content=\"1\u00a0Minute\" \/>\n<script type=\"application\/ld+json\" class=\"yoast-schema-graph\">{\"@context\":\"https:\\\/\\\/schema.org\",\"@graph\":[{\"@type\":\"Article\",\"@id\":\"https:\\\/\\\/chronik.berliner-verkehr.de\\\/?p=3040#article\",\"isPartOf\":{\"@id\":\"https:\\\/\\\/chronik.berliner-verkehr.de\\\/?p=3040\"},\"author\":{\"name\":\"ralfbj70\",\"@id\":\"https:\\\/\\\/chronik.berliner-verkehr.de\\\/#\\\/schema\\\/person\\\/0aafc2c308e915dc30d0c77868efda48\"},\"headline\":\"2008-09-23 Bahnindustrie: Messe Innotrans in Berlin\",\"datePublished\":\"2008-09-23T15:19:49+00:00\",\"dateModified\":\"2021-05-12T15:20:00+00:00\",\"mainEntityOfPage\":{\"@id\":\"https:\\\/\\\/chronik.berliner-verkehr.de\\\/?p=3040\"},\"wordCount\":200,\"articleSection\":[\"Bahnindustrie\",\"Messe\",\"Wirtschaft\"],\"inLanguage\":\"de\"},{\"@type\":\"WebPage\",\"@id\":\"https:\\\/\\\/chronik.berliner-verkehr.de\\\/?p=3040\",\"url\":\"https:\\\/\\\/chronik.berliner-verkehr.de\\\/?p=3040\",\"name\":\"2008-09-23 Bahnindustrie: Messe Innotrans in Berlin - Chronik Berlin\",\"isPartOf\":{\"@id\":\"https:\\\/\\\/chronik.berliner-verkehr.de\\\/#website\"},\"datePublished\":\"2008-09-23T15:19:49+00:00\",\"dateModified\":\"2021-05-12T15:20:00+00:00\",\"author\":{\"@id\":\"https:\\\/\\\/chronik.berliner-verkehr.de\\\/#\\\/schema\\\/person\\\/0aafc2c308e915dc30d0c77868efda48\"},\"breadcrumb\":{\"@id\":\"https:\\\/\\\/chronik.berliner-verkehr.de\\\/?p=3040#breadcrumb\"},\"inLanguage\":\"de\",\"potentialAction\":[{\"@type\":\"ReadAction\",\"target\":[\"https:\\\/\\\/chronik.berliner-verkehr.de\\\/?p=3040\"]}]},{\"@type\":\"BreadcrumbList\",\"@id\":\"https:\\\/\\\/chronik.berliner-verkehr.de\\\/?p=3040#breadcrumb\",\"itemListElement\":[{\"@type\":\"ListItem\",\"position\":1,\"name\":\"Startseite\",\"item\":\"https:\\\/\\\/chronik.berliner-verkehr.de\\\/\"},{\"@type\":\"ListItem\",\"position\":2,\"name\":\"2008-09-23 Bahnindustrie: Messe Innotrans in Berlin\"}]},{\"@type\":\"WebSite\",\"@id\":\"https:\\\/\\\/chronik.berliner-verkehr.de\\\/#website\",\"url\":\"https:\\\/\\\/chronik.berliner-verkehr.de\\\/\",\"name\":\"Chronik Berlin\",\"description\":\"Chronik von Berlin:Verkehr\",\"potentialAction\":[{\"@type\":\"SearchAction\",\"target\":{\"@type\":\"EntryPoint\",\"urlTemplate\":\"https:\\\/\\\/chronik.berliner-verkehr.de\\\/?s={search_term_string}\"},\"query-input\":{\"@type\":\"PropertyValueSpecification\",\"valueRequired\":true,\"valueName\":\"search_term_string\"}}],\"inLanguage\":\"de\"},{\"@type\":\"Person\",\"@id\":\"https:\\\/\\\/chronik.berliner-verkehr.de\\\/#\\\/schema\\\/person\\\/0aafc2c308e915dc30d0c77868efda48\",\"name\":\"ralfbj70\",\"image\":{\"@type\":\"ImageObject\",\"inLanguage\":\"de\",\"@id\":\"https:\\\/\\\/secure.gravatar.com\\\/avatar\\\/ea0988e51fb7b4df6a45e2826bf423f784b45c1f3c7d412d22f1551a136ffc12?s=96&d=mm&r=g\",\"url\":\"https:\\\/\\\/secure.gravatar.com\\\/avatar\\\/ea0988e51fb7b4df6a45e2826bf423f784b45c1f3c7d412d22f1551a136ffc12?s=96&d=mm&r=g\",\"contentUrl\":\"https:\\\/\\\/secure.gravatar.com\\\/avatar\\\/ea0988e51fb7b4df6a45e2826bf423f784b45c1f3c7d412d22f1551a136ffc12?s=96&d=mm&r=g\",\"caption\":\"ralfbj70\"},\"url\":\"https:\\\/\\\/chronik.berliner-verkehr.de\\\/?author=1\"}]}<\/script>\n<!-- \/ Yoast SEO plugin. -->","yoast_head_json":{"title":"2008-09-23 Bahnindustrie: Messe Innotrans in Berlin - Chronik Berlin","robots":{"index":"index","follow":"follow","max-snippet":"max-snippet:-1","max-image-preview":"max-image-preview:large","max-video-preview":"max-video-preview:-1"},"canonical":"https:\/\/chronik.berliner-verkehr.de\/?p=3040","og_locale":"de_DE","og_type":"article","og_title":"2008-09-23 Bahnindustrie: Messe Innotrans in Berlin - Chronik Berlin","og_description":"&#8211; Erstmals gesamtes Messegel\u00e4nde genutzt&#8211; Zus\u00e4tzliche Gleise f\u00fcr Pr\u00e4sentationen&#8211; Branchenleitmesse vom 23. \u2013 26. 9. in Berlin Seit zw\u00f6lf Jahren h\u00e4lt das Wachstum der InnoTrans \u2013 Internationale Fachmesse f\u00fcr Verkehrstechnik unvermindert an. Sowohl bei den Aussteller- und Besucherzahlen als auch bei der Hallen- und Freifl\u00e4che gab es seit der Premiere 1996 eine kontinuierliche Steigerung \u2013 &hellip; \u201e2008-09-23 Bahnindustrie: Messe Innotrans in Berlin\u201c weiterlesen","og_url":"https:\/\/chronik.berliner-verkehr.de\/?p=3040","og_site_name":"Chronik Berlin","article_published_time":"2008-09-23T15:19:49+00:00","article_modified_time":"2021-05-12T15:20:00+00:00","author":"ralfbj70","twitter_card":"summary_large_image","twitter_misc":{"Verfasst von":"ralfbj70","Gesch\u00e4tzte Lesezeit":"1\u00a0Minute"},"schema":{"@context":"https:\/\/schema.org","@graph":[{"@type":"Article","@id":"https:\/\/chronik.berliner-verkehr.de\/?p=3040#article","isPartOf":{"@id":"https:\/\/chronik.berliner-verkehr.de\/?p=3040"},"author":{"name":"ralfbj70","@id":"https:\/\/chronik.berliner-verkehr.de\/#\/schema\/person\/0aafc2c308e915dc30d0c77868efda48"},"headline":"2008-09-23 Bahnindustrie: Messe Innotrans in Berlin","datePublished":"2008-09-23T15:19:49+00:00","dateModified":"2021-05-12T15:20:00+00:00","mainEntityOfPage":{"@id":"https:\/\/chronik.berliner-verkehr.de\/?p=3040"},"wordCount":200,"articleSection":["Bahnindustrie","Messe","Wirtschaft"],"inLanguage":"de"},{"@type":"WebPage","@id":"https:\/\/chronik.berliner-verkehr.de\/?p=3040","url":"https:\/\/chronik.berliner-verkehr.de\/?p=3040","name":"2008-09-23 Bahnindustrie: Messe Innotrans in Berlin - Chronik Berlin","isPartOf":{"@id":"https:\/\/chronik.berliner-verkehr.de\/#website"},"datePublished":"2008-09-23T15:19:49+00:00","dateModified":"2021-05-12T15:20:00+00:00","author":{"@id":"https:\/\/chronik.berliner-verkehr.de\/#\/schema\/person\/0aafc2c308e915dc30d0c77868efda48"},"breadcrumb":{"@id":"https:\/\/chronik.berliner-verkehr.de\/?p=3040#breadcrumb"},"inLanguage":"de","potentialAction":[{"@type":"ReadAction","target":["https:\/\/chronik.berliner-verkehr.de\/?p=3040"]}]},{"@type":"BreadcrumbList","@id":"https:\/\/chronik.berliner-verkehr.de\/?p=3040#breadcrumb","itemListElement":[{"@type":"ListItem","position":1,"name":"Startseite","item":"https:\/\/chronik.berliner-verkehr.de\/"},{"@type":"ListItem","position":2,"name":"2008-09-23 Bahnindustrie: Messe Innotrans in Berlin"}]},{"@type":"WebSite","@id":"https:\/\/chronik.berliner-verkehr.de\/#website","url":"https:\/\/chronik.berliner-verkehr.de\/","name":"Chronik Berlin","description":"Chronik von Berlin:Verkehr","potentialAction":[{"@type":"SearchAction","target":{"@type":"EntryPoint","urlTemplate":"https:\/\/chronik.berliner-verkehr.de\/?s={search_term_string}"},"query-input":{"@type":"PropertyValueSpecification","valueRequired":true,"valueName":"search_term_string"}}],"inLanguage":"de"},{"@type":"Person","@id":"https:\/\/chronik.berliner-verkehr.de\/#\/schema\/person\/0aafc2c308e915dc30d0c77868efda48","name":"ralfbj70","image":{"@type":"ImageObject","inLanguage":"de","@id":"https:\/\/secure.gravatar.com\/avatar\/ea0988e51fb7b4df6a45e2826bf423f784b45c1f3c7d412d22f1551a136ffc12?s=96&d=mm&r=g","url":"https:\/\/secure.gravatar.com\/avatar\/ea0988e51fb7b4df6a45e2826bf423f784b45c1f3c7d412d22f1551a136ffc12?s=96&d=mm&r=g","contentUrl":"https:\/\/secure.gravatar.com\/avatar\/ea0988e51fb7b4df6a45e2826bf423f784b45c1f3c7d412d22f1551a136ffc12?s=96&d=mm&r=g","caption":"ralfbj70"},"url":"https:\/\/chronik.berliner-verkehr.de\/?author=1"}]}},"_links":{"self":[{"href":"https:\/\/chronik.berliner-verkehr.de\/index.php?rest_route=\/wp\/v2\/posts\/3040","targetHints":{"allow":["GET"]}}],"collection":[{"href":"https:\/\/chronik.berliner-verkehr.de\/index.php?rest_route=\/wp\/v2\/posts"}],"about":[{"href":"https:\/\/chronik.berliner-verkehr.de\/index.php?rest_route=\/wp\/v2\/types\/post"}],"author":[{"embeddable":true,"href":"https:\/\/chronik.berliner-verkehr.de\/index.php?rest_route=\/wp\/v2\/users\/1"}],"replies":[{"embeddable":true,"href":"https:\/\/chronik.berliner-verkehr.de\/index.php?rest_route=%2Fwp%2Fv2%2Fcomments&post=3040"}],"version-history":[{"count":1,"href":"https:\/\/chronik.berliner-verkehr.de\/index.php?rest_route=\/wp\/v2\/posts\/3040\/revisions"}],"predecessor-version":[{"id":3041,"href":"https:\/\/chronik.berliner-verkehr.de\/index.php?rest_route=\/wp\/v2\/posts\/3040\/revisions\/3041"}],"wp:attachment":[{"href":"https:\/\/chronik.berliner-verkehr.de\/index.php?rest_route=%2Fwp%2Fv2%2Fmedia&parent=3040"}],"curies":[{"name":"wp","href":"https:\/\/api.w.org\/{rel}","templated":true}]}}