{"id":3060,"date":"2018-04-25T17:56:10","date_gmt":"2018-04-25T15:56:10","guid":{"rendered":"https:\/\/chronik.berliner-verkehr.de\/?p=3060"},"modified":"2021-05-12T18:00:22","modified_gmt":"2021-05-12T16:00:22","slug":"2018-04-25-luftfahrt-messe-ila-in-berlin","status":"publish","type":"post","link":"https:\/\/chronik.berliner-verkehr.de\/?p=3060","title":{"rendered":"2018-04-25 Luftfahrt: Messe ILA in Berlin"},"content":{"rendered":"\n<p>Die Messe ILA Berlin ist die internationale Luft- und Raumfahrtausstellung [25.04.2018&nbsp;\u2013 29.04.2018] mit Konferenzen. Mehr als 1.000 Aussteller aus fast 40 L\u00e4ndern zeigen auf der ILA Messe Berlin Produkte, Systeme und Verfahren aus allen Bereichen der Aerospace-Industrie. Flugger\u00e4te aller Gr\u00f6\u00dfen und Kategorien werden am Boden und in der Luft vorgestellt, darunter zahlreiche Premieren. Die internationale Luft- und Raumfahrtausstellung bildet die Segmente Luftverkehr, Raumfahrt, Verteidigung und Sicherheit, Ausr\u00fcstung und General Aviation ab. Mit dem ISC International Suppliers Center bietet die Messe zus\u00e4tzlich eine integrierte Fachmesse f\u00fcr Zulieferer. Flankiert wird die ILA Berlin von rund 100 internationalen Fachkonferenzen.<\/p>\n\n\n\n<p>(Quelle: https:\/\/www.pressebox.de\/events\/ila-2018\/6546 , abgerufen am 12.05.2021)<\/p>\n\n\n\n<h1 class=\"wp-block-heading\">R\u00dcCKBLICK ILA 2018<\/h1>\n\n\n\n<h2 class=\"wp-block-heading\">ILA 2018: FEUERWERK DER INNOVATIONEN<\/h2>\n\n\n\n<p>Die ILA Berlin war 2018 der Anziehungspunkt f\u00fcr die internationale Luft- und Raumfahrtszene. Gut 1.100 Aussteller aus 41 L\u00e4ndern zeigten, was die Branche an Hightech-Produkten, Forschungs- und Entwicklungsprojekten zu bieten hat. Mehr als 180.000 Fach- und Privatbesucher kamen zur f\u00fchrenden Innovationsmesse der Aerospace-Industrie.&nbsp;<strong>Die Highlights:<\/strong><\/p>\n\n\n\n<h3 class=\"wp-block-heading\">INNOVATIONEN F\u00dcR DIE ZUKUNFT DES FLIEGENS<\/h3>\n\n\n\n<p>Die Themen \u00d6koeffizienz und Digitalisierung pr\u00e4gen aktuell die Diskussionen in der Luft- und Raumfahrt. Auf der ILA Berlin waren bahnbrechende Entwicklungen zu sehen. So etwa der weltweit erste seriennahe Demonstrator einer Druckkalotte aus ultraleichtem CFK. Das neuartige Material erm\u00f6glicht eine deutliche Gewichts- und damit Treibstoffersparnis. Rolls-Royce zeigte auf der ILA Berlin zudem seine Vision eines vernetzten und lernf\u00e4higen Triebwerks. Dank digitaler Technologien werden Triebwerke k\u00fcnftig notwendige Wartungs- und Reparaturarbeiten im Voraus erkennen und melden.<\/p>\n\n\n\n<h3 class=\"wp-block-heading\">UNBEMANNTE FLUGSYSTEME AUF DEM VORMARSCH<\/h3>\n\n\n\n<p>Autonom fliegende Lufttaxis k\u00f6nnten schon bald die Zukunft urbaner Mobilit\u00e4t bestimmen. Im ILA FutureLab zeigte Airbus mit einem Modell des CityAirbus seine Pl\u00e4ne. Der autonom fliegende Hubschrauber soll eines Tages vier Insassen an Ziele innerhalb einer Stadt tragen. Bereits Ende 2018 soll das Flugger\u00e4t zu seinem Erstflug starten. Ebenfalls im ILA FutureLab demonstrierte das Start-up Skysense sein innovatives Ladesystem f\u00fcr Drohnenakkus. Das System erh\u00f6ht die Flugzeit von Drohnen und erweitert damit ihre Einsatzm\u00f6glichkeiten. Skysense wird bereits von der NASA, General Electrics, Prosegur und Unternehmen in den Bereichen Sicherheit, Inspektion, Logistik und Landwirtschaft eingesetzt.<\/p>\n\n\n\n<p>(Quelle: https:\/\/www.ila-berlin.de\/de\/rueckblick-2018 , abgerufen am 12.05.2021)<\/p>\n","protected":false},"excerpt":{"rendered":"<p>Die Messe ILA Berlin ist die internationale Luft- und Raumfahrtausstellung [25.04.2018&nbsp;\u2013 29.04.2018] mit Konferenzen. Mehr als 1.000 Aussteller aus fast 40 L\u00e4ndern zeigen auf der ILA Messe Berlin Produkte, Systeme und Verfahren aus allen Bereichen der Aerospace-Industrie. Flugger\u00e4te aller Gr\u00f6\u00dfen und Kategorien werden am Boden und in der Luft vorgestellt, darunter zahlreiche Premieren. Die internationale &hellip; <a href=\"https:\/\/chronik.berliner-verkehr.de\/?p=3060\" class=\"more-link\"><span class=\"screen-reader-text\">\u201e2018-04-25 Luftfahrt: Messe ILA in Berlin\u201c <\/span>weiterlesen<\/a><\/p>\n","protected":false},"author":1,"featured_media":0,"comment_status":"closed","ping_status":"open","sticky":false,"template":"","format":"standard","meta":{"footnotes":""},"class_list":["post-3060","post","type-post","status-publish","format-standard","hentry","category-luftfahrt","category-luftfahrt-industrie","category-messe","category-wirtschaft"],"yoast_head":"<!-- This site is optimized with the Yoast SEO plugin v27.4 - https:\/\/yoast.com\/product\/yoast-seo-wordpress\/ -->\n<title>2018-04-25 Luftfahrt: Messe ILA in Berlin - Chronik Berlin<\/title>\n<meta name=\"robots\" content=\"index, follow, max-snippet:-1, max-image-preview:large, max-video-preview:-1\" \/>\n<link rel=\"canonical\" href=\"https:\/\/chronik.berliner-verkehr.de\/?p=3060\" \/>\n<meta property=\"og:locale\" content=\"de_DE\" \/>\n<meta property=\"og:type\" content=\"article\" \/>\n<meta property=\"og:title\" content=\"2018-04-25 Luftfahrt: Messe ILA in Berlin - Chronik Berlin\" \/>\n<meta property=\"og:description\" content=\"Die Messe ILA Berlin ist die internationale Luft- und Raumfahrtausstellung [25.04.2018&nbsp;\u2013 29.04.2018] mit Konferenzen. Mehr als 1.000 Aussteller aus fast 40 L\u00e4ndern zeigen auf der ILA Messe Berlin Produkte, Systeme und Verfahren aus allen Bereichen der Aerospace-Industrie. Flugger\u00e4te aller Gr\u00f6\u00dfen und Kategorien werden am Boden und in der Luft vorgestellt, darunter zahlreiche Premieren. Die internationale &hellip; \u201e2018-04-25 Luftfahrt: Messe ILA in Berlin\u201c weiterlesen\" \/>\n<meta property=\"og:url\" content=\"https:\/\/chronik.berliner-verkehr.de\/?p=3060\" \/>\n<meta property=\"og:site_name\" content=\"Chronik Berlin\" \/>\n<meta property=\"article:published_time\" content=\"2018-04-25T15:56:10+00:00\" \/>\n<meta property=\"article:modified_time\" content=\"2021-05-12T16:00:22+00:00\" \/>\n<meta name=\"author\" content=\"ralfbj70\" \/>\n<meta name=\"twitter:card\" content=\"summary_large_image\" \/>\n<meta name=\"twitter:label1\" content=\"Verfasst von\" \/>\n\t<meta name=\"twitter:data1\" content=\"ralfbj70\" \/>\n\t<meta name=\"twitter:label2\" content=\"Gesch\u00e4tzte Lesezeit\" \/>\n\t<meta name=\"twitter:data2\" content=\"2\u00a0Minuten\" \/>\n<script type=\"application\/ld+json\" class=\"yoast-schema-graph\">{\"@context\":\"https:\\\/\\\/schema.org\",\"@graph\":[{\"@type\":\"Article\",\"@id\":\"https:\\\/\\\/chronik.berliner-verkehr.de\\\/?p=3060#article\",\"isPartOf\":{\"@id\":\"https:\\\/\\\/chronik.berliner-verkehr.de\\\/?p=3060\"},\"author\":{\"name\":\"ralfbj70\",\"@id\":\"https:\\\/\\\/chronik.berliner-verkehr.de\\\/#\\\/schema\\\/person\\\/0aafc2c308e915dc30d0c77868efda48\"},\"headline\":\"2018-04-25 Luftfahrt: Messe ILA in Berlin\",\"datePublished\":\"2018-04-25T15:56:10+00:00\",\"dateModified\":\"2021-05-12T16:00:22+00:00\",\"mainEntityOfPage\":{\"@id\":\"https:\\\/\\\/chronik.berliner-verkehr.de\\\/?p=3060\"},\"wordCount\":364,\"articleSection\":[\"Luftfahrt\",\"Luftfahrt-Industrie\",\"Messe\",\"Wirtschaft\"],\"inLanguage\":\"de\"},{\"@type\":\"WebPage\",\"@id\":\"https:\\\/\\\/chronik.berliner-verkehr.de\\\/?p=3060\",\"url\":\"https:\\\/\\\/chronik.berliner-verkehr.de\\\/?p=3060\",\"name\":\"2018-04-25 Luftfahrt: Messe ILA in Berlin - Chronik Berlin\",\"isPartOf\":{\"@id\":\"https:\\\/\\\/chronik.berliner-verkehr.de\\\/#website\"},\"datePublished\":\"2018-04-25T15:56:10+00:00\",\"dateModified\":\"2021-05-12T16:00:22+00:00\",\"author\":{\"@id\":\"https:\\\/\\\/chronik.berliner-verkehr.de\\\/#\\\/schema\\\/person\\\/0aafc2c308e915dc30d0c77868efda48\"},\"breadcrumb\":{\"@id\":\"https:\\\/\\\/chronik.berliner-verkehr.de\\\/?p=3060#breadcrumb\"},\"inLanguage\":\"de\",\"potentialAction\":[{\"@type\":\"ReadAction\",\"target\":[\"https:\\\/\\\/chronik.berliner-verkehr.de\\\/?p=3060\"]}]},{\"@type\":\"BreadcrumbList\",\"@id\":\"https:\\\/\\\/chronik.berliner-verkehr.de\\\/?p=3060#breadcrumb\",\"itemListElement\":[{\"@type\":\"ListItem\",\"position\":1,\"name\":\"Startseite\",\"item\":\"https:\\\/\\\/chronik.berliner-verkehr.de\\\/\"},{\"@type\":\"ListItem\",\"position\":2,\"name\":\"2018-04-25 Luftfahrt: Messe ILA in Berlin\"}]},{\"@type\":\"WebSite\",\"@id\":\"https:\\\/\\\/chronik.berliner-verkehr.de\\\/#website\",\"url\":\"https:\\\/\\\/chronik.berliner-verkehr.de\\\/\",\"name\":\"Chronik Berlin\",\"description\":\"Chronik von Berlin:Verkehr\",\"potentialAction\":[{\"@type\":\"SearchAction\",\"target\":{\"@type\":\"EntryPoint\",\"urlTemplate\":\"https:\\\/\\\/chronik.berliner-verkehr.de\\\/?s={search_term_string}\"},\"query-input\":{\"@type\":\"PropertyValueSpecification\",\"valueRequired\":true,\"valueName\":\"search_term_string\"}}],\"inLanguage\":\"de\"},{\"@type\":\"Person\",\"@id\":\"https:\\\/\\\/chronik.berliner-verkehr.de\\\/#\\\/schema\\\/person\\\/0aafc2c308e915dc30d0c77868efda48\",\"name\":\"ralfbj70\",\"image\":{\"@type\":\"ImageObject\",\"inLanguage\":\"de\",\"@id\":\"https:\\\/\\\/secure.gravatar.com\\\/avatar\\\/ea0988e51fb7b4df6a45e2826bf423f784b45c1f3c7d412d22f1551a136ffc12?s=96&d=mm&r=g\",\"url\":\"https:\\\/\\\/secure.gravatar.com\\\/avatar\\\/ea0988e51fb7b4df6a45e2826bf423f784b45c1f3c7d412d22f1551a136ffc12?s=96&d=mm&r=g\",\"contentUrl\":\"https:\\\/\\\/secure.gravatar.com\\\/avatar\\\/ea0988e51fb7b4df6a45e2826bf423f784b45c1f3c7d412d22f1551a136ffc12?s=96&d=mm&r=g\",\"caption\":\"ralfbj70\"},\"url\":\"https:\\\/\\\/chronik.berliner-verkehr.de\\\/?author=1\"}]}<\/script>\n<!-- \/ Yoast SEO plugin. -->","yoast_head_json":{"title":"2018-04-25 Luftfahrt: Messe ILA in Berlin - Chronik Berlin","robots":{"index":"index","follow":"follow","max-snippet":"max-snippet:-1","max-image-preview":"max-image-preview:large","max-video-preview":"max-video-preview:-1"},"canonical":"https:\/\/chronik.berliner-verkehr.de\/?p=3060","og_locale":"de_DE","og_type":"article","og_title":"2018-04-25 Luftfahrt: Messe ILA in Berlin - Chronik Berlin","og_description":"Die Messe ILA Berlin ist die internationale Luft- und Raumfahrtausstellung [25.04.2018&nbsp;\u2013 29.04.2018] mit Konferenzen. Mehr als 1.000 Aussteller aus fast 40 L\u00e4ndern zeigen auf der ILA Messe Berlin Produkte, Systeme und Verfahren aus allen Bereichen der Aerospace-Industrie. Flugger\u00e4te aller Gr\u00f6\u00dfen und Kategorien werden am Boden und in der Luft vorgestellt, darunter zahlreiche Premieren. Die internationale &hellip; \u201e2018-04-25 Luftfahrt: Messe ILA in Berlin\u201c weiterlesen","og_url":"https:\/\/chronik.berliner-verkehr.de\/?p=3060","og_site_name":"Chronik Berlin","article_published_time":"2018-04-25T15:56:10+00:00","article_modified_time":"2021-05-12T16:00:22+00:00","author":"ralfbj70","twitter_card":"summary_large_image","twitter_misc":{"Verfasst von":"ralfbj70","Gesch\u00e4tzte Lesezeit":"2\u00a0Minuten"},"schema":{"@context":"https:\/\/schema.org","@graph":[{"@type":"Article","@id":"https:\/\/chronik.berliner-verkehr.de\/?p=3060#article","isPartOf":{"@id":"https:\/\/chronik.berliner-verkehr.de\/?p=3060"},"author":{"name":"ralfbj70","@id":"https:\/\/chronik.berliner-verkehr.de\/#\/schema\/person\/0aafc2c308e915dc30d0c77868efda48"},"headline":"2018-04-25 Luftfahrt: Messe ILA in Berlin","datePublished":"2018-04-25T15:56:10+00:00","dateModified":"2021-05-12T16:00:22+00:00","mainEntityOfPage":{"@id":"https:\/\/chronik.berliner-verkehr.de\/?p=3060"},"wordCount":364,"articleSection":["Luftfahrt","Luftfahrt-Industrie","Messe","Wirtschaft"],"inLanguage":"de"},{"@type":"WebPage","@id":"https:\/\/chronik.berliner-verkehr.de\/?p=3060","url":"https:\/\/chronik.berliner-verkehr.de\/?p=3060","name":"2018-04-25 Luftfahrt: Messe ILA in Berlin - Chronik Berlin","isPartOf":{"@id":"https:\/\/chronik.berliner-verkehr.de\/#website"},"datePublished":"2018-04-25T15:56:10+00:00","dateModified":"2021-05-12T16:00:22+00:00","author":{"@id":"https:\/\/chronik.berliner-verkehr.de\/#\/schema\/person\/0aafc2c308e915dc30d0c77868efda48"},"breadcrumb":{"@id":"https:\/\/chronik.berliner-verkehr.de\/?p=3060#breadcrumb"},"inLanguage":"de","potentialAction":[{"@type":"ReadAction","target":["https:\/\/chronik.berliner-verkehr.de\/?p=3060"]}]},{"@type":"BreadcrumbList","@id":"https:\/\/chronik.berliner-verkehr.de\/?p=3060#breadcrumb","itemListElement":[{"@type":"ListItem","position":1,"name":"Startseite","item":"https:\/\/chronik.berliner-verkehr.de\/"},{"@type":"ListItem","position":2,"name":"2018-04-25 Luftfahrt: Messe ILA in Berlin"}]},{"@type":"WebSite","@id":"https:\/\/chronik.berliner-verkehr.de\/#website","url":"https:\/\/chronik.berliner-verkehr.de\/","name":"Chronik Berlin","description":"Chronik von Berlin:Verkehr","potentialAction":[{"@type":"SearchAction","target":{"@type":"EntryPoint","urlTemplate":"https:\/\/chronik.berliner-verkehr.de\/?s={search_term_string}"},"query-input":{"@type":"PropertyValueSpecification","valueRequired":true,"valueName":"search_term_string"}}],"inLanguage":"de"},{"@type":"Person","@id":"https:\/\/chronik.berliner-verkehr.de\/#\/schema\/person\/0aafc2c308e915dc30d0c77868efda48","name":"ralfbj70","image":{"@type":"ImageObject","inLanguage":"de","@id":"https:\/\/secure.gravatar.com\/avatar\/ea0988e51fb7b4df6a45e2826bf423f784b45c1f3c7d412d22f1551a136ffc12?s=96&d=mm&r=g","url":"https:\/\/secure.gravatar.com\/avatar\/ea0988e51fb7b4df6a45e2826bf423f784b45c1f3c7d412d22f1551a136ffc12?s=96&d=mm&r=g","contentUrl":"https:\/\/secure.gravatar.com\/avatar\/ea0988e51fb7b4df6a45e2826bf423f784b45c1f3c7d412d22f1551a136ffc12?s=96&d=mm&r=g","caption":"ralfbj70"},"url":"https:\/\/chronik.berliner-verkehr.de\/?author=1"}]}},"_links":{"self":[{"href":"https:\/\/chronik.berliner-verkehr.de\/index.php?rest_route=\/wp\/v2\/posts\/3060","targetHints":{"allow":["GET"]}}],"collection":[{"href":"https:\/\/chronik.berliner-verkehr.de\/index.php?rest_route=\/wp\/v2\/posts"}],"about":[{"href":"https:\/\/chronik.berliner-verkehr.de\/index.php?rest_route=\/wp\/v2\/types\/post"}],"author":[{"embeddable":true,"href":"https:\/\/chronik.berliner-verkehr.de\/index.php?rest_route=\/wp\/v2\/users\/1"}],"replies":[{"embeddable":true,"href":"https:\/\/chronik.berliner-verkehr.de\/index.php?rest_route=%2Fwp%2Fv2%2Fcomments&post=3060"}],"version-history":[{"count":2,"href":"https:\/\/chronik.berliner-verkehr.de\/index.php?rest_route=\/wp\/v2\/posts\/3060\/revisions"}],"predecessor-version":[{"id":3064,"href":"https:\/\/chronik.berliner-verkehr.de\/index.php?rest_route=\/wp\/v2\/posts\/3060\/revisions\/3064"}],"wp:attachment":[{"href":"https:\/\/chronik.berliner-verkehr.de\/index.php?rest_route=%2Fwp%2Fv2%2Fmedia&parent=3060"}],"curies":[{"name":"wp","href":"https:\/\/api.w.org\/{rel}","templated":true}]}}