{"id":5067,"date":"2011-10-01T17:25:00","date_gmt":"2011-10-01T15:25:00","guid":{"rendered":"https:\/\/chronik.berliner-verkehr.de\/?p=5067"},"modified":"2021-07-13T17:25:12","modified_gmt":"2021-07-13T15:25:12","slug":"2011-10-luftfahrt-das-bundesverwaltungsgericht-gibt-gruenes-licht-fuer-naechtliche-fluege-am-ber-in-den-randzeiten","status":"publish","type":"post","link":"https:\/\/chronik.berliner-verkehr.de\/?p=5067","title":{"rendered":"2011-10 Luftfahrt: Das Bundesverwaltungsgericht gibt gr\u00fcnes Licht f\u00fcr n\u00e4chtliche Fl\u00fcge am BER in den Randzeiten"},"content":{"rendered":"\n<p>Das Bundesverwaltungsgericht gibt gr\u00fcnes Licht f\u00fcr n\u00e4chtliche Fl\u00fcge in den Randzeiten. Der Airport kann ohne weitere Einschr\u00e4nkungen an den Start gehen. Damit bleiben die Klagen von Anwohnern und umliegenden Gemeinden ohne Erfolg.<\/p>\n\n\n\n<p>(Quelle, abgerufen am 13.07.2021: https:\/\/www.rbb24.de\/politik\/Flughafen-BER\/BER-Aktuelles\/hintergrund\/ber-chronologie-flughafen-berlin-brandenburg.html)<\/p>\n","protected":false},"excerpt":{"rendered":"<p>Das Bundesverwaltungsgericht gibt gr\u00fcnes Licht f\u00fcr n\u00e4chtliche Fl\u00fcge in den Randzeiten. Der Airport kann ohne weitere Einschr\u00e4nkungen an den Start gehen. Damit bleiben die Klagen von Anwohnern und umliegenden Gemeinden ohne Erfolg. (Quelle, abgerufen am 13.07.2021: https:\/\/www.rbb24.de\/politik\/Flughafen-BER\/BER-Aktuelles\/hintergrund\/ber-chronologie-flughafen-berlin-brandenburg.html)<\/p>\n","protected":false},"author":1,"featured_media":0,"comment_status":"closed","ping_status":"open","sticky":false,"template":"","format":"standard","meta":{"footnotes":""},"class_list":["post-5067","post","type-post","status-publish","format-standard","hentry","category-flughafen","category-luftfahrt"],"yoast_head":"<!-- This site is optimized with the Yoast SEO plugin v27.4 - https:\/\/yoast.com\/product\/yoast-seo-wordpress\/ -->\n<title>2011-10 Luftfahrt: Das Bundesverwaltungsgericht gibt gr\u00fcnes Licht f\u00fcr n\u00e4chtliche Fl\u00fcge am BER in den Randzeiten - Chronik Berlin<\/title>\n<meta name=\"robots\" content=\"index, follow, max-snippet:-1, max-image-preview:large, max-video-preview:-1\" \/>\n<link rel=\"canonical\" href=\"https:\/\/chronik.berliner-verkehr.de\/?p=5067\" \/>\n<meta property=\"og:locale\" content=\"de_DE\" \/>\n<meta property=\"og:type\" content=\"article\" \/>\n<meta property=\"og:title\" content=\"2011-10 Luftfahrt: Das Bundesverwaltungsgericht gibt gr\u00fcnes Licht f\u00fcr n\u00e4chtliche Fl\u00fcge am BER in den Randzeiten - Chronik Berlin\" \/>\n<meta property=\"og:description\" content=\"Das Bundesverwaltungsgericht gibt gr\u00fcnes Licht f\u00fcr n\u00e4chtliche Fl\u00fcge in den Randzeiten. Der Airport kann ohne weitere Einschr\u00e4nkungen an den Start gehen. Damit bleiben die Klagen von Anwohnern und umliegenden Gemeinden ohne Erfolg. (Quelle, abgerufen am 13.07.2021: https:\/\/www.rbb24.de\/politik\/Flughafen-BER\/BER-Aktuelles\/hintergrund\/ber-chronologie-flughafen-berlin-brandenburg.html)\" \/>\n<meta property=\"og:url\" content=\"https:\/\/chronik.berliner-verkehr.de\/?p=5067\" \/>\n<meta property=\"og:site_name\" content=\"Chronik Berlin\" \/>\n<meta property=\"article:published_time\" content=\"2011-10-01T15:25:00+00:00\" \/>\n<meta property=\"article:modified_time\" content=\"2021-07-13T15:25:12+00:00\" \/>\n<meta name=\"author\" content=\"ralfbj70\" \/>\n<meta name=\"twitter:card\" content=\"summary_large_image\" \/>\n<meta name=\"twitter:label1\" content=\"Verfasst von\" \/>\n\t<meta name=\"twitter:data1\" content=\"ralfbj70\" \/>\n<script type=\"application\/ld+json\" class=\"yoast-schema-graph\">{\"@context\":\"https:\\\/\\\/schema.org\",\"@graph\":[{\"@type\":\"Article\",\"@id\":\"https:\\\/\\\/chronik.berliner-verkehr.de\\\/?p=5067#article\",\"isPartOf\":{\"@id\":\"https:\\\/\\\/chronik.berliner-verkehr.de\\\/?p=5067\"},\"author\":{\"name\":\"ralfbj70\",\"@id\":\"https:\\\/\\\/chronik.berliner-verkehr.de\\\/#\\\/schema\\\/person\\\/0aafc2c308e915dc30d0c77868efda48\"},\"headline\":\"2011-10 Luftfahrt: Das Bundesverwaltungsgericht gibt gr\u00fcnes Licht f\u00fcr n\u00e4chtliche Fl\u00fcge am BER in den Randzeiten\",\"datePublished\":\"2011-10-01T15:25:00+00:00\",\"dateModified\":\"2021-07-13T15:25:12+00:00\",\"mainEntityOfPage\":{\"@id\":\"https:\\\/\\\/chronik.berliner-verkehr.de\\\/?p=5067\"},\"wordCount\":69,\"articleSection\":[\"Flughafen\",\"Luftfahrt\"],\"inLanguage\":\"de\"},{\"@type\":\"WebPage\",\"@id\":\"https:\\\/\\\/chronik.berliner-verkehr.de\\\/?p=5067\",\"url\":\"https:\\\/\\\/chronik.berliner-verkehr.de\\\/?p=5067\",\"name\":\"2011-10 Luftfahrt: Das Bundesverwaltungsgericht gibt gr\u00fcnes Licht f\u00fcr n\u00e4chtliche Fl\u00fcge am BER in den Randzeiten - Chronik Berlin\",\"isPartOf\":{\"@id\":\"https:\\\/\\\/chronik.berliner-verkehr.de\\\/#website\"},\"datePublished\":\"2011-10-01T15:25:00+00:00\",\"dateModified\":\"2021-07-13T15:25:12+00:00\",\"author\":{\"@id\":\"https:\\\/\\\/chronik.berliner-verkehr.de\\\/#\\\/schema\\\/person\\\/0aafc2c308e915dc30d0c77868efda48\"},\"breadcrumb\":{\"@id\":\"https:\\\/\\\/chronik.berliner-verkehr.de\\\/?p=5067#breadcrumb\"},\"inLanguage\":\"de\",\"potentialAction\":[{\"@type\":\"ReadAction\",\"target\":[\"https:\\\/\\\/chronik.berliner-verkehr.de\\\/?p=5067\"]}]},{\"@type\":\"BreadcrumbList\",\"@id\":\"https:\\\/\\\/chronik.berliner-verkehr.de\\\/?p=5067#breadcrumb\",\"itemListElement\":[{\"@type\":\"ListItem\",\"position\":1,\"name\":\"Startseite\",\"item\":\"https:\\\/\\\/chronik.berliner-verkehr.de\\\/\"},{\"@type\":\"ListItem\",\"position\":2,\"name\":\"2011-10 Luftfahrt: Das Bundesverwaltungsgericht gibt gr\u00fcnes Licht f\u00fcr n\u00e4chtliche Fl\u00fcge am BER in den Randzeiten\"}]},{\"@type\":\"WebSite\",\"@id\":\"https:\\\/\\\/chronik.berliner-verkehr.de\\\/#website\",\"url\":\"https:\\\/\\\/chronik.berliner-verkehr.de\\\/\",\"name\":\"Chronik Berlin\",\"description\":\"Chronik von Berlin:Verkehr\",\"potentialAction\":[{\"@type\":\"SearchAction\",\"target\":{\"@type\":\"EntryPoint\",\"urlTemplate\":\"https:\\\/\\\/chronik.berliner-verkehr.de\\\/?s={search_term_string}\"},\"query-input\":{\"@type\":\"PropertyValueSpecification\",\"valueRequired\":true,\"valueName\":\"search_term_string\"}}],\"inLanguage\":\"de\"},{\"@type\":\"Person\",\"@id\":\"https:\\\/\\\/chronik.berliner-verkehr.de\\\/#\\\/schema\\\/person\\\/0aafc2c308e915dc30d0c77868efda48\",\"name\":\"ralfbj70\",\"image\":{\"@type\":\"ImageObject\",\"inLanguage\":\"de\",\"@id\":\"https:\\\/\\\/secure.gravatar.com\\\/avatar\\\/ea0988e51fb7b4df6a45e2826bf423f784b45c1f3c7d412d22f1551a136ffc12?s=96&d=mm&r=g\",\"url\":\"https:\\\/\\\/secure.gravatar.com\\\/avatar\\\/ea0988e51fb7b4df6a45e2826bf423f784b45c1f3c7d412d22f1551a136ffc12?s=96&d=mm&r=g\",\"contentUrl\":\"https:\\\/\\\/secure.gravatar.com\\\/avatar\\\/ea0988e51fb7b4df6a45e2826bf423f784b45c1f3c7d412d22f1551a136ffc12?s=96&d=mm&r=g\",\"caption\":\"ralfbj70\"},\"url\":\"https:\\\/\\\/chronik.berliner-verkehr.de\\\/?author=1\"}]}<\/script>\n<!-- \/ Yoast SEO plugin. -->","yoast_head_json":{"title":"2011-10 Luftfahrt: Das Bundesverwaltungsgericht gibt gr\u00fcnes Licht f\u00fcr n\u00e4chtliche Fl\u00fcge am BER in den Randzeiten - Chronik Berlin","robots":{"index":"index","follow":"follow","max-snippet":"max-snippet:-1","max-image-preview":"max-image-preview:large","max-video-preview":"max-video-preview:-1"},"canonical":"https:\/\/chronik.berliner-verkehr.de\/?p=5067","og_locale":"de_DE","og_type":"article","og_title":"2011-10 Luftfahrt: Das Bundesverwaltungsgericht gibt gr\u00fcnes Licht f\u00fcr n\u00e4chtliche Fl\u00fcge am BER in den Randzeiten - Chronik Berlin","og_description":"Das Bundesverwaltungsgericht gibt gr\u00fcnes Licht f\u00fcr n\u00e4chtliche Fl\u00fcge in den Randzeiten. Der Airport kann ohne weitere Einschr\u00e4nkungen an den Start gehen. Damit bleiben die Klagen von Anwohnern und umliegenden Gemeinden ohne Erfolg. (Quelle, abgerufen am 13.07.2021: https:\/\/www.rbb24.de\/politik\/Flughafen-BER\/BER-Aktuelles\/hintergrund\/ber-chronologie-flughafen-berlin-brandenburg.html)","og_url":"https:\/\/chronik.berliner-verkehr.de\/?p=5067","og_site_name":"Chronik Berlin","article_published_time":"2011-10-01T15:25:00+00:00","article_modified_time":"2021-07-13T15:25:12+00:00","author":"ralfbj70","twitter_card":"summary_large_image","twitter_misc":{"Verfasst von":"ralfbj70"},"schema":{"@context":"https:\/\/schema.org","@graph":[{"@type":"Article","@id":"https:\/\/chronik.berliner-verkehr.de\/?p=5067#article","isPartOf":{"@id":"https:\/\/chronik.berliner-verkehr.de\/?p=5067"},"author":{"name":"ralfbj70","@id":"https:\/\/chronik.berliner-verkehr.de\/#\/schema\/person\/0aafc2c308e915dc30d0c77868efda48"},"headline":"2011-10 Luftfahrt: Das Bundesverwaltungsgericht gibt gr\u00fcnes Licht f\u00fcr n\u00e4chtliche Fl\u00fcge am BER in den Randzeiten","datePublished":"2011-10-01T15:25:00+00:00","dateModified":"2021-07-13T15:25:12+00:00","mainEntityOfPage":{"@id":"https:\/\/chronik.berliner-verkehr.de\/?p=5067"},"wordCount":69,"articleSection":["Flughafen","Luftfahrt"],"inLanguage":"de"},{"@type":"WebPage","@id":"https:\/\/chronik.berliner-verkehr.de\/?p=5067","url":"https:\/\/chronik.berliner-verkehr.de\/?p=5067","name":"2011-10 Luftfahrt: Das Bundesverwaltungsgericht gibt gr\u00fcnes Licht f\u00fcr n\u00e4chtliche Fl\u00fcge am BER in den Randzeiten - Chronik Berlin","isPartOf":{"@id":"https:\/\/chronik.berliner-verkehr.de\/#website"},"datePublished":"2011-10-01T15:25:00+00:00","dateModified":"2021-07-13T15:25:12+00:00","author":{"@id":"https:\/\/chronik.berliner-verkehr.de\/#\/schema\/person\/0aafc2c308e915dc30d0c77868efda48"},"breadcrumb":{"@id":"https:\/\/chronik.berliner-verkehr.de\/?p=5067#breadcrumb"},"inLanguage":"de","potentialAction":[{"@type":"ReadAction","target":["https:\/\/chronik.berliner-verkehr.de\/?p=5067"]}]},{"@type":"BreadcrumbList","@id":"https:\/\/chronik.berliner-verkehr.de\/?p=5067#breadcrumb","itemListElement":[{"@type":"ListItem","position":1,"name":"Startseite","item":"https:\/\/chronik.berliner-verkehr.de\/"},{"@type":"ListItem","position":2,"name":"2011-10 Luftfahrt: Das Bundesverwaltungsgericht gibt gr\u00fcnes Licht f\u00fcr n\u00e4chtliche Fl\u00fcge am BER in den Randzeiten"}]},{"@type":"WebSite","@id":"https:\/\/chronik.berliner-verkehr.de\/#website","url":"https:\/\/chronik.berliner-verkehr.de\/","name":"Chronik Berlin","description":"Chronik von Berlin:Verkehr","potentialAction":[{"@type":"SearchAction","target":{"@type":"EntryPoint","urlTemplate":"https:\/\/chronik.berliner-verkehr.de\/?s={search_term_string}"},"query-input":{"@type":"PropertyValueSpecification","valueRequired":true,"valueName":"search_term_string"}}],"inLanguage":"de"},{"@type":"Person","@id":"https:\/\/chronik.berliner-verkehr.de\/#\/schema\/person\/0aafc2c308e915dc30d0c77868efda48","name":"ralfbj70","image":{"@type":"ImageObject","inLanguage":"de","@id":"https:\/\/secure.gravatar.com\/avatar\/ea0988e51fb7b4df6a45e2826bf423f784b45c1f3c7d412d22f1551a136ffc12?s=96&d=mm&r=g","url":"https:\/\/secure.gravatar.com\/avatar\/ea0988e51fb7b4df6a45e2826bf423f784b45c1f3c7d412d22f1551a136ffc12?s=96&d=mm&r=g","contentUrl":"https:\/\/secure.gravatar.com\/avatar\/ea0988e51fb7b4df6a45e2826bf423f784b45c1f3c7d412d22f1551a136ffc12?s=96&d=mm&r=g","caption":"ralfbj70"},"url":"https:\/\/chronik.berliner-verkehr.de\/?author=1"}]}},"_links":{"self":[{"href":"https:\/\/chronik.berliner-verkehr.de\/index.php?rest_route=\/wp\/v2\/posts\/5067","targetHints":{"allow":["GET"]}}],"collection":[{"href":"https:\/\/chronik.berliner-verkehr.de\/index.php?rest_route=\/wp\/v2\/posts"}],"about":[{"href":"https:\/\/chronik.berliner-verkehr.de\/index.php?rest_route=\/wp\/v2\/types\/post"}],"author":[{"embeddable":true,"href":"https:\/\/chronik.berliner-verkehr.de\/index.php?rest_route=\/wp\/v2\/users\/1"}],"replies":[{"embeddable":true,"href":"https:\/\/chronik.berliner-verkehr.de\/index.php?rest_route=%2Fwp%2Fv2%2Fcomments&post=5067"}],"version-history":[{"count":1,"href":"https:\/\/chronik.berliner-verkehr.de\/index.php?rest_route=\/wp\/v2\/posts\/5067\/revisions"}],"predecessor-version":[{"id":5068,"href":"https:\/\/chronik.berliner-verkehr.de\/index.php?rest_route=\/wp\/v2\/posts\/5067\/revisions\/5068"}],"wp:attachment":[{"href":"https:\/\/chronik.berliner-verkehr.de\/index.php?rest_route=%2Fwp%2Fv2%2Fmedia&parent=5067"}],"curies":[{"name":"wp","href":"https:\/\/api.w.org\/{rel}","templated":true}]}}