{"id":5165,"date":"1998-12-18T18:38:25","date_gmt":"1998-12-18T17:38:25","guid":{"rendered":"https:\/\/chronik.berliner-verkehr.de\/?p=5165"},"modified":"2021-07-13T18:38:38","modified_gmt":"2021-07-13T16:38:38","slug":"1998-12-18-strassenbahn-umbau-des-mollknotens-alexanderplatz","status":"publish","type":"post","link":"https:\/\/chronik.berliner-verkehr.de\/?p=5165","title":{"rendered":"1998-12-18 Stra\u00dfenbahn: Umbau des Mollknotens, Alexanderplatz"},"content":{"rendered":"\n<p>Der \u201eMollknoten&#8220; wurde 1998\/1999 umgebaut und Gleise auf dem Alexanderplatz, der Gontardstra\u00dfe, der Karl-Liebknecht Stra\u00dfe und der Spandauer Stra\u00dfe bis Hackeschen Markt eingebaut. Seit dem 18.12.1998 l\u00e4uft der Verkehr aus der Landsberger Allee und seit dem 26.4.1999 aus der Greifswalder Stra\u00dfe \u00fcber den Alexanderplatz zum Hackeschen Markt. Nach \u00fcber 30 Jahren wird der Alexanderplatz endlich wieder mit Stra\u00dfenbahnen befahren.<\/p>\n\n\n\n<p>(Quelle: Berliner Stra\u00dfenbahn-Chronik Band II: Die \u201eElektrische\u201c bei der BVG 1929 bis 2015; Hilkenbach, Kramer; Verlag Gesellschaft f\u00fcr Verkehrspolitik und Eisenbahnwesen e.V. (GVE), Berlin, 2015)<\/p>\n","protected":false},"excerpt":{"rendered":"<p>Der \u201eMollknoten&#8220; wurde 1998\/1999 umgebaut und Gleise auf dem Alexanderplatz, der Gontardstra\u00dfe, der Karl-Liebknecht Stra\u00dfe und der Spandauer Stra\u00dfe bis Hackeschen Markt eingebaut. Seit dem 18.12.1998 l\u00e4uft der Verkehr aus der Landsberger Allee und seit dem 26.4.1999 aus der Greifswalder Stra\u00dfe \u00fcber den Alexanderplatz zum Hackeschen Markt. Nach \u00fcber 30 Jahren wird der Alexanderplatz endlich &hellip; <a href=\"https:\/\/chronik.berliner-verkehr.de\/?p=5165\" class=\"more-link\"><span class=\"screen-reader-text\">\u201e1998-12-18 Stra\u00dfenbahn: Umbau des Mollknotens, Alexanderplatz\u201c <\/span>weiterlesen<\/a><\/p>\n","protected":false},"author":1,"featured_media":0,"comment_status":"closed","ping_status":"open","sticky":false,"template":"","format":"standard","meta":{"footnotes":""},"class_list":["post-5165","post","type-post","status-publish","format-standard","hentry","category-bahnhoefe_stationen","category-eroeffnung","category-strassenbahn","category-strecken"],"yoast_head":"<!-- This site is optimized with the Yoast SEO plugin v27.4 - https:\/\/yoast.com\/product\/yoast-seo-wordpress\/ -->\n<title>1998-12-18 Stra\u00dfenbahn: Umbau des Mollknotens, Alexanderplatz - Chronik Berlin<\/title>\n<meta name=\"robots\" content=\"index, follow, max-snippet:-1, max-image-preview:large, max-video-preview:-1\" \/>\n<link rel=\"canonical\" href=\"https:\/\/chronik.berliner-verkehr.de\/?p=5165\" \/>\n<meta property=\"og:locale\" content=\"de_DE\" \/>\n<meta property=\"og:type\" content=\"article\" \/>\n<meta property=\"og:title\" content=\"1998-12-18 Stra\u00dfenbahn: Umbau des Mollknotens, Alexanderplatz - Chronik Berlin\" \/>\n<meta property=\"og:description\" content=\"Der \u201eMollknoten&#8220; wurde 1998\/1999 umgebaut und Gleise auf dem Alexanderplatz, der Gontardstra\u00dfe, der Karl-Liebknecht Stra\u00dfe und der Spandauer Stra\u00dfe bis Hackeschen Markt eingebaut. Seit dem 18.12.1998 l\u00e4uft der Verkehr aus der Landsberger Allee und seit dem 26.4.1999 aus der Greifswalder Stra\u00dfe \u00fcber den Alexanderplatz zum Hackeschen Markt. Nach \u00fcber 30 Jahren wird der Alexanderplatz endlich &hellip; \u201e1998-12-18 Stra\u00dfenbahn: Umbau des Mollknotens, Alexanderplatz\u201c weiterlesen\" \/>\n<meta property=\"og:url\" content=\"https:\/\/chronik.berliner-verkehr.de\/?p=5165\" \/>\n<meta property=\"og:site_name\" content=\"Chronik Berlin\" \/>\n<meta property=\"article:published_time\" content=\"1998-12-18T17:38:25+00:00\" \/>\n<meta property=\"article:modified_time\" content=\"2021-07-13T16:38:38+00:00\" \/>\n<meta name=\"author\" content=\"ralfbj70\" \/>\n<meta name=\"twitter:card\" content=\"summary_large_image\" \/>\n<meta name=\"twitter:label1\" content=\"Verfasst von\" \/>\n\t<meta name=\"twitter:data1\" content=\"ralfbj70\" \/>\n<script type=\"application\/ld+json\" class=\"yoast-schema-graph\">{\"@context\":\"https:\\\/\\\/schema.org\",\"@graph\":[{\"@type\":\"Article\",\"@id\":\"https:\\\/\\\/chronik.berliner-verkehr.de\\\/?p=5165#article\",\"isPartOf\":{\"@id\":\"https:\\\/\\\/chronik.berliner-verkehr.de\\\/?p=5165\"},\"author\":{\"name\":\"ralfbj70\",\"@id\":\"https:\\\/\\\/chronik.berliner-verkehr.de\\\/#\\\/schema\\\/person\\\/0aafc2c308e915dc30d0c77868efda48\"},\"headline\":\"1998-12-18 Stra\u00dfenbahn: Umbau des Mollknotens, Alexanderplatz\",\"datePublished\":\"1998-12-18T17:38:25+00:00\",\"dateModified\":\"2021-07-13T16:38:38+00:00\",\"mainEntityOfPage\":{\"@id\":\"https:\\\/\\\/chronik.berliner-verkehr.de\\\/?p=5165\"},\"wordCount\":94,\"articleSection\":[\"Bahnh\u00f6fe, Stationen\",\"Er\u00f6ffnung, Inbetriebnahme\",\"Stra\u00dfenbahn\",\"Strecken\"],\"inLanguage\":\"de\"},{\"@type\":\"WebPage\",\"@id\":\"https:\\\/\\\/chronik.berliner-verkehr.de\\\/?p=5165\",\"url\":\"https:\\\/\\\/chronik.berliner-verkehr.de\\\/?p=5165\",\"name\":\"1998-12-18 Stra\u00dfenbahn: Umbau des Mollknotens, Alexanderplatz - Chronik Berlin\",\"isPartOf\":{\"@id\":\"https:\\\/\\\/chronik.berliner-verkehr.de\\\/#website\"},\"datePublished\":\"1998-12-18T17:38:25+00:00\",\"dateModified\":\"2021-07-13T16:38:38+00:00\",\"author\":{\"@id\":\"https:\\\/\\\/chronik.berliner-verkehr.de\\\/#\\\/schema\\\/person\\\/0aafc2c308e915dc30d0c77868efda48\"},\"breadcrumb\":{\"@id\":\"https:\\\/\\\/chronik.berliner-verkehr.de\\\/?p=5165#breadcrumb\"},\"inLanguage\":\"de\",\"potentialAction\":[{\"@type\":\"ReadAction\",\"target\":[\"https:\\\/\\\/chronik.berliner-verkehr.de\\\/?p=5165\"]}]},{\"@type\":\"BreadcrumbList\",\"@id\":\"https:\\\/\\\/chronik.berliner-verkehr.de\\\/?p=5165#breadcrumb\",\"itemListElement\":[{\"@type\":\"ListItem\",\"position\":1,\"name\":\"Startseite\",\"item\":\"https:\\\/\\\/chronik.berliner-verkehr.de\\\/\"},{\"@type\":\"ListItem\",\"position\":2,\"name\":\"1998-12-18 Stra\u00dfenbahn: Umbau des Mollknotens, Alexanderplatz\"}]},{\"@type\":\"WebSite\",\"@id\":\"https:\\\/\\\/chronik.berliner-verkehr.de\\\/#website\",\"url\":\"https:\\\/\\\/chronik.berliner-verkehr.de\\\/\",\"name\":\"Chronik Berlin\",\"description\":\"Chronik von Berlin:Verkehr\",\"potentialAction\":[{\"@type\":\"SearchAction\",\"target\":{\"@type\":\"EntryPoint\",\"urlTemplate\":\"https:\\\/\\\/chronik.berliner-verkehr.de\\\/?s={search_term_string}\"},\"query-input\":{\"@type\":\"PropertyValueSpecification\",\"valueRequired\":true,\"valueName\":\"search_term_string\"}}],\"inLanguage\":\"de\"},{\"@type\":\"Person\",\"@id\":\"https:\\\/\\\/chronik.berliner-verkehr.de\\\/#\\\/schema\\\/person\\\/0aafc2c308e915dc30d0c77868efda48\",\"name\":\"ralfbj70\",\"image\":{\"@type\":\"ImageObject\",\"inLanguage\":\"de\",\"@id\":\"https:\\\/\\\/secure.gravatar.com\\\/avatar\\\/ea0988e51fb7b4df6a45e2826bf423f784b45c1f3c7d412d22f1551a136ffc12?s=96&d=mm&r=g\",\"url\":\"https:\\\/\\\/secure.gravatar.com\\\/avatar\\\/ea0988e51fb7b4df6a45e2826bf423f784b45c1f3c7d412d22f1551a136ffc12?s=96&d=mm&r=g\",\"contentUrl\":\"https:\\\/\\\/secure.gravatar.com\\\/avatar\\\/ea0988e51fb7b4df6a45e2826bf423f784b45c1f3c7d412d22f1551a136ffc12?s=96&d=mm&r=g\",\"caption\":\"ralfbj70\"},\"url\":\"https:\\\/\\\/chronik.berliner-verkehr.de\\\/?author=1\"}]}<\/script>\n<!-- \/ Yoast SEO plugin. -->","yoast_head_json":{"title":"1998-12-18 Stra\u00dfenbahn: Umbau des Mollknotens, Alexanderplatz - Chronik Berlin","robots":{"index":"index","follow":"follow","max-snippet":"max-snippet:-1","max-image-preview":"max-image-preview:large","max-video-preview":"max-video-preview:-1"},"canonical":"https:\/\/chronik.berliner-verkehr.de\/?p=5165","og_locale":"de_DE","og_type":"article","og_title":"1998-12-18 Stra\u00dfenbahn: Umbau des Mollknotens, Alexanderplatz - Chronik Berlin","og_description":"Der \u201eMollknoten&#8220; wurde 1998\/1999 umgebaut und Gleise auf dem Alexanderplatz, der Gontardstra\u00dfe, der Karl-Liebknecht Stra\u00dfe und der Spandauer Stra\u00dfe bis Hackeschen Markt eingebaut. Seit dem 18.12.1998 l\u00e4uft der Verkehr aus der Landsberger Allee und seit dem 26.4.1999 aus der Greifswalder Stra\u00dfe \u00fcber den Alexanderplatz zum Hackeschen Markt. Nach \u00fcber 30 Jahren wird der Alexanderplatz endlich &hellip; \u201e1998-12-18 Stra\u00dfenbahn: Umbau des Mollknotens, Alexanderplatz\u201c weiterlesen","og_url":"https:\/\/chronik.berliner-verkehr.de\/?p=5165","og_site_name":"Chronik Berlin","article_published_time":"1998-12-18T17:38:25+00:00","article_modified_time":"2021-07-13T16:38:38+00:00","author":"ralfbj70","twitter_card":"summary_large_image","twitter_misc":{"Verfasst von":"ralfbj70"},"schema":{"@context":"https:\/\/schema.org","@graph":[{"@type":"Article","@id":"https:\/\/chronik.berliner-verkehr.de\/?p=5165#article","isPartOf":{"@id":"https:\/\/chronik.berliner-verkehr.de\/?p=5165"},"author":{"name":"ralfbj70","@id":"https:\/\/chronik.berliner-verkehr.de\/#\/schema\/person\/0aafc2c308e915dc30d0c77868efda48"},"headline":"1998-12-18 Stra\u00dfenbahn: Umbau des Mollknotens, Alexanderplatz","datePublished":"1998-12-18T17:38:25+00:00","dateModified":"2021-07-13T16:38:38+00:00","mainEntityOfPage":{"@id":"https:\/\/chronik.berliner-verkehr.de\/?p=5165"},"wordCount":94,"articleSection":["Bahnh\u00f6fe, Stationen","Er\u00f6ffnung, Inbetriebnahme","Stra\u00dfenbahn","Strecken"],"inLanguage":"de"},{"@type":"WebPage","@id":"https:\/\/chronik.berliner-verkehr.de\/?p=5165","url":"https:\/\/chronik.berliner-verkehr.de\/?p=5165","name":"1998-12-18 Stra\u00dfenbahn: Umbau des Mollknotens, Alexanderplatz - Chronik Berlin","isPartOf":{"@id":"https:\/\/chronik.berliner-verkehr.de\/#website"},"datePublished":"1998-12-18T17:38:25+00:00","dateModified":"2021-07-13T16:38:38+00:00","author":{"@id":"https:\/\/chronik.berliner-verkehr.de\/#\/schema\/person\/0aafc2c308e915dc30d0c77868efda48"},"breadcrumb":{"@id":"https:\/\/chronik.berliner-verkehr.de\/?p=5165#breadcrumb"},"inLanguage":"de","potentialAction":[{"@type":"ReadAction","target":["https:\/\/chronik.berliner-verkehr.de\/?p=5165"]}]},{"@type":"BreadcrumbList","@id":"https:\/\/chronik.berliner-verkehr.de\/?p=5165#breadcrumb","itemListElement":[{"@type":"ListItem","position":1,"name":"Startseite","item":"https:\/\/chronik.berliner-verkehr.de\/"},{"@type":"ListItem","position":2,"name":"1998-12-18 Stra\u00dfenbahn: Umbau des Mollknotens, Alexanderplatz"}]},{"@type":"WebSite","@id":"https:\/\/chronik.berliner-verkehr.de\/#website","url":"https:\/\/chronik.berliner-verkehr.de\/","name":"Chronik Berlin","description":"Chronik von Berlin:Verkehr","potentialAction":[{"@type":"SearchAction","target":{"@type":"EntryPoint","urlTemplate":"https:\/\/chronik.berliner-verkehr.de\/?s={search_term_string}"},"query-input":{"@type":"PropertyValueSpecification","valueRequired":true,"valueName":"search_term_string"}}],"inLanguage":"de"},{"@type":"Person","@id":"https:\/\/chronik.berliner-verkehr.de\/#\/schema\/person\/0aafc2c308e915dc30d0c77868efda48","name":"ralfbj70","image":{"@type":"ImageObject","inLanguage":"de","@id":"https:\/\/secure.gravatar.com\/avatar\/ea0988e51fb7b4df6a45e2826bf423f784b45c1f3c7d412d22f1551a136ffc12?s=96&d=mm&r=g","url":"https:\/\/secure.gravatar.com\/avatar\/ea0988e51fb7b4df6a45e2826bf423f784b45c1f3c7d412d22f1551a136ffc12?s=96&d=mm&r=g","contentUrl":"https:\/\/secure.gravatar.com\/avatar\/ea0988e51fb7b4df6a45e2826bf423f784b45c1f3c7d412d22f1551a136ffc12?s=96&d=mm&r=g","caption":"ralfbj70"},"url":"https:\/\/chronik.berliner-verkehr.de\/?author=1"}]}},"_links":{"self":[{"href":"https:\/\/chronik.berliner-verkehr.de\/index.php?rest_route=\/wp\/v2\/posts\/5165","targetHints":{"allow":["GET"]}}],"collection":[{"href":"https:\/\/chronik.berliner-verkehr.de\/index.php?rest_route=\/wp\/v2\/posts"}],"about":[{"href":"https:\/\/chronik.berliner-verkehr.de\/index.php?rest_route=\/wp\/v2\/types\/post"}],"author":[{"embeddable":true,"href":"https:\/\/chronik.berliner-verkehr.de\/index.php?rest_route=\/wp\/v2\/users\/1"}],"replies":[{"embeddable":true,"href":"https:\/\/chronik.berliner-verkehr.de\/index.php?rest_route=%2Fwp%2Fv2%2Fcomments&post=5165"}],"version-history":[{"count":1,"href":"https:\/\/chronik.berliner-verkehr.de\/index.php?rest_route=\/wp\/v2\/posts\/5165\/revisions"}],"predecessor-version":[{"id":5166,"href":"https:\/\/chronik.berliner-verkehr.de\/index.php?rest_route=\/wp\/v2\/posts\/5165\/revisions\/5166"}],"wp:attachment":[{"href":"https:\/\/chronik.berliner-verkehr.de\/index.php?rest_route=%2Fwp%2Fv2%2Fmedia&parent=5165"}],"curies":[{"name":"wp","href":"https:\/\/api.w.org\/{rel}","templated":true}]}}