{"id":5201,"date":"1996-06-01T19:05:50","date_gmt":"1996-06-01T17:05:50","guid":{"rendered":"https:\/\/chronik.berliner-verkehr.de\/?p=5201"},"modified":"2022-01-21T22:15:43","modified_gmt":"2022-01-21T21:15:43","slug":"1996-06-01-strassenbahn-verabschiedete-sich-die-bvg-von-den-fast-40-jahre-alten-rekowagen","status":"publish","type":"post","link":"https:\/\/chronik.berliner-verkehr.de\/?p=5201","title":{"rendered":"1996-06-01 Stra\u00dfenbahn: verabschiedete sich die BVG von den fast 40 Jahre alten Rekowagen"},"content":{"rendered":"\n<p>Am 1.6.1996 verabschiedete sich die BVG von den fast 40 Jahre alten Rekowagen (TE\/TZ), die zwischen 1959 und 1970 im RAW Sch\u00f6neweide unter Verwendung von Teilen von Altbaufahrzeugen entstanden waren.<\/p>\n\n\n\n<p>(Quelle: Berliner Stra\u00dfenbahn-Chronik Band II: Die \u201eElektrische\u201c bei der BVG 1929 bis 2015; Hilkenbach, Kramer; Verlag Gesellschaft f\u00fcr Verkehrspolitik und Eisenbahnwesen e.V. (GVE), Berlin, 2015)<\/p>\n\n\n\n<p>Als Erg\u00e4nzung zum Hoffest in der Wendenschlo\u00dfstra\u00dfe verkehrte zum Normaltarif eine Stra\u00dfenbahn-Sonderlinie E (die Wagen waren als 68 gekennzeichnet), bestehend aus sechs Uml\u00e4ufen, im 20-Minuten-Abstand von Schm\u00f6ckwitz \u00fcber K\u00f6penick, Schlo\u00dfplatz nach Wendenschlo\u00df und zur\u00fcck (ab Schm\u00f6ckwitz 8.19 15.09 Uhr, ab Wendenschlo\u00df 9.54 &#8211; 16.14 Uhr). Ab 15.30 Uhr wurde nur noch zwischen Schm\u00f6ckwitz und S-Bahnhof Gr\u00fcnau gefahren, die letzte Abfahrt in Schm\u00f6ckwitz erfolgte um 20.50 Uhr. Dieser Zug (Tw 3065 ex 217 065 und Bw 268 094) erreichte gegen 21.40 Uhr den Betriebshof Sch\u00f6neweide, die Auslastung war gering. Die sechs Uml\u00e4ufe bestanden aus folgenden Wagen:<\/p>\n\n\n\n<ol class=\"wp-block-list\"><li>3011\/3702 \/ 3703 &#8211; TZ\/BZ\/BZ<\/li><\/ol>\n\n\n\n<ol class=\"wp-block-list\" start=\"2\"><li>3065\/268 094 &#8211; TE\/BDE<\/li><\/ol>\n\n\n\n<ol class=\"wp-block-list\" start=\"3\"><li>217 055\/267 119\/267 427 &#8211; TE\/BE\/BE (bleibt erhalten)<br><\/li><li>3007\/3717 &#8211; TE\/ BE (vorletzter Zug)<br> <\/li><li>218 025\/268 058 &#8211; TDE\/BDE (bleibt erhalten)<\/li><\/ol>\n\n\n\n<ol class=\"wp-block-list\" start=\"6\"><li>218 001\/268 091 &#8211; TDE\/BDE<\/li><\/ol>\n\n\n\n<p>(Der Triebwagen ex 8002 bleibt erhalten)<\/p>\n\n\n\n<p>(Quelle: BVB 07\/96)<\/p>\n","protected":false},"excerpt":{"rendered":"<p>Am 1.6.1996 verabschiedete sich die BVG von den fast 40 Jahre alten Rekowagen (TE\/TZ), die zwischen 1959 und 1970 im RAW Sch\u00f6neweide unter Verwendung von Teilen von Altbaufahrzeugen entstanden waren. (Quelle: Berliner Stra\u00dfenbahn-Chronik Band II: Die \u201eElektrische\u201c bei der BVG 1929 bis 2015; Hilkenbach, Kramer; Verlag Gesellschaft f\u00fcr Verkehrspolitik und Eisenbahnwesen e.V. (GVE), Berlin, 2015) &hellip; <a href=\"https:\/\/chronik.berliner-verkehr.de\/?p=5201\" class=\"more-link\"><span class=\"screen-reader-text\">\u201e1996-06-01 Stra\u00dfenbahn: verabschiedete sich die BVG von den fast 40 Jahre alten Rekowagen\u201c <\/span>weiterlesen<\/a><\/p>\n","protected":false},"author":1,"featured_media":0,"comment_status":"closed","ping_status":"open","sticky":false,"template":"","format":"standard","meta":{"footnotes":""},"class_list":["post-5201","post","type-post","status-publish","format-standard","hentry","category-fahrzeugeantrieb","category-letzte-fahrt","category-strassenbahn"],"yoast_head":"<!-- This site is optimized with the Yoast SEO plugin v27.4 - https:\/\/yoast.com\/product\/yoast-seo-wordpress\/ -->\n<title>1996-06-01 Stra\u00dfenbahn: verabschiedete sich die BVG von den fast 40 Jahre alten Rekowagen - Chronik Berlin<\/title>\n<meta name=\"robots\" content=\"index, follow, max-snippet:-1, max-image-preview:large, max-video-preview:-1\" \/>\n<link rel=\"canonical\" href=\"https:\/\/chronik.berliner-verkehr.de\/?p=5201\" \/>\n<meta property=\"og:locale\" content=\"de_DE\" \/>\n<meta property=\"og:type\" content=\"article\" \/>\n<meta property=\"og:title\" content=\"1996-06-01 Stra\u00dfenbahn: verabschiedete sich die BVG von den fast 40 Jahre alten Rekowagen - Chronik Berlin\" \/>\n<meta property=\"og:description\" content=\"Am 1.6.1996 verabschiedete sich die BVG von den fast 40 Jahre alten Rekowagen (TE\/TZ), die zwischen 1959 und 1970 im RAW Sch\u00f6neweide unter Verwendung von Teilen von Altbaufahrzeugen entstanden waren. (Quelle: Berliner Stra\u00dfenbahn-Chronik Band II: Die \u201eElektrische\u201c bei der BVG 1929 bis 2015; Hilkenbach, Kramer; Verlag Gesellschaft f\u00fcr Verkehrspolitik und Eisenbahnwesen e.V. (GVE), Berlin, 2015) &hellip; \u201e1996-06-01 Stra\u00dfenbahn: verabschiedete sich die BVG von den fast 40 Jahre alten Rekowagen\u201c weiterlesen\" \/>\n<meta property=\"og:url\" content=\"https:\/\/chronik.berliner-verkehr.de\/?p=5201\" \/>\n<meta property=\"og:site_name\" content=\"Chronik Berlin\" \/>\n<meta property=\"article:published_time\" content=\"1996-06-01T17:05:50+00:00\" \/>\n<meta property=\"article:modified_time\" content=\"2022-01-21T21:15:43+00:00\" \/>\n<meta name=\"author\" content=\"ralfbj70\" \/>\n<meta name=\"twitter:card\" content=\"summary_large_image\" \/>\n<meta name=\"twitter:label1\" content=\"Verfasst von\" \/>\n\t<meta name=\"twitter:data1\" content=\"ralfbj70\" \/>\n\t<meta name=\"twitter:label2\" content=\"Gesch\u00e4tzte Lesezeit\" \/>\n\t<meta name=\"twitter:data2\" content=\"1\u00a0Minute\" \/>\n<script type=\"application\/ld+json\" class=\"yoast-schema-graph\">{\"@context\":\"https:\\\/\\\/schema.org\",\"@graph\":[{\"@type\":\"Article\",\"@id\":\"https:\\\/\\\/chronik.berliner-verkehr.de\\\/?p=5201#article\",\"isPartOf\":{\"@id\":\"https:\\\/\\\/chronik.berliner-verkehr.de\\\/?p=5201\"},\"author\":{\"name\":\"ralfbj70\",\"@id\":\"https:\\\/\\\/chronik.berliner-verkehr.de\\\/#\\\/schema\\\/person\\\/0aafc2c308e915dc30d0c77868efda48\"},\"headline\":\"1996-06-01 Stra\u00dfenbahn: verabschiedete sich die BVG von den fast 40 Jahre alten Rekowagen\",\"datePublished\":\"1996-06-01T17:05:50+00:00\",\"dateModified\":\"2022-01-21T21:15:43+00:00\",\"mainEntityOfPage\":{\"@id\":\"https:\\\/\\\/chronik.berliner-verkehr.de\\\/?p=5201\"},\"wordCount\":197,\"articleSection\":[\"Fahrzeuge+Antrieb\",\"letzte Fahrt\",\"Stra\u00dfenbahn\"],\"inLanguage\":\"de\"},{\"@type\":\"WebPage\",\"@id\":\"https:\\\/\\\/chronik.berliner-verkehr.de\\\/?p=5201\",\"url\":\"https:\\\/\\\/chronik.berliner-verkehr.de\\\/?p=5201\",\"name\":\"1996-06-01 Stra\u00dfenbahn: verabschiedete sich die BVG von den fast 40 Jahre alten Rekowagen - Chronik Berlin\",\"isPartOf\":{\"@id\":\"https:\\\/\\\/chronik.berliner-verkehr.de\\\/#website\"},\"datePublished\":\"1996-06-01T17:05:50+00:00\",\"dateModified\":\"2022-01-21T21:15:43+00:00\",\"author\":{\"@id\":\"https:\\\/\\\/chronik.berliner-verkehr.de\\\/#\\\/schema\\\/person\\\/0aafc2c308e915dc30d0c77868efda48\"},\"breadcrumb\":{\"@id\":\"https:\\\/\\\/chronik.berliner-verkehr.de\\\/?p=5201#breadcrumb\"},\"inLanguage\":\"de\",\"potentialAction\":[{\"@type\":\"ReadAction\",\"target\":[\"https:\\\/\\\/chronik.berliner-verkehr.de\\\/?p=5201\"]}]},{\"@type\":\"BreadcrumbList\",\"@id\":\"https:\\\/\\\/chronik.berliner-verkehr.de\\\/?p=5201#breadcrumb\",\"itemListElement\":[{\"@type\":\"ListItem\",\"position\":1,\"name\":\"Startseite\",\"item\":\"https:\\\/\\\/chronik.berliner-verkehr.de\\\/\"},{\"@type\":\"ListItem\",\"position\":2,\"name\":\"1996-06-01 Stra\u00dfenbahn: verabschiedete sich die BVG von den fast 40 Jahre alten Rekowagen\"}]},{\"@type\":\"WebSite\",\"@id\":\"https:\\\/\\\/chronik.berliner-verkehr.de\\\/#website\",\"url\":\"https:\\\/\\\/chronik.berliner-verkehr.de\\\/\",\"name\":\"Chronik Berlin\",\"description\":\"Chronik von Berlin:Verkehr\",\"potentialAction\":[{\"@type\":\"SearchAction\",\"target\":{\"@type\":\"EntryPoint\",\"urlTemplate\":\"https:\\\/\\\/chronik.berliner-verkehr.de\\\/?s={search_term_string}\"},\"query-input\":{\"@type\":\"PropertyValueSpecification\",\"valueRequired\":true,\"valueName\":\"search_term_string\"}}],\"inLanguage\":\"de\"},{\"@type\":\"Person\",\"@id\":\"https:\\\/\\\/chronik.berliner-verkehr.de\\\/#\\\/schema\\\/person\\\/0aafc2c308e915dc30d0c77868efda48\",\"name\":\"ralfbj70\",\"image\":{\"@type\":\"ImageObject\",\"inLanguage\":\"de\",\"@id\":\"https:\\\/\\\/secure.gravatar.com\\\/avatar\\\/ea0988e51fb7b4df6a45e2826bf423f784b45c1f3c7d412d22f1551a136ffc12?s=96&d=mm&r=g\",\"url\":\"https:\\\/\\\/secure.gravatar.com\\\/avatar\\\/ea0988e51fb7b4df6a45e2826bf423f784b45c1f3c7d412d22f1551a136ffc12?s=96&d=mm&r=g\",\"contentUrl\":\"https:\\\/\\\/secure.gravatar.com\\\/avatar\\\/ea0988e51fb7b4df6a45e2826bf423f784b45c1f3c7d412d22f1551a136ffc12?s=96&d=mm&r=g\",\"caption\":\"ralfbj70\"},\"url\":\"https:\\\/\\\/chronik.berliner-verkehr.de\\\/?author=1\"}]}<\/script>\n<!-- \/ Yoast SEO plugin. -->","yoast_head_json":{"title":"1996-06-01 Stra\u00dfenbahn: verabschiedete sich die BVG von den fast 40 Jahre alten Rekowagen - Chronik Berlin","robots":{"index":"index","follow":"follow","max-snippet":"max-snippet:-1","max-image-preview":"max-image-preview:large","max-video-preview":"max-video-preview:-1"},"canonical":"https:\/\/chronik.berliner-verkehr.de\/?p=5201","og_locale":"de_DE","og_type":"article","og_title":"1996-06-01 Stra\u00dfenbahn: verabschiedete sich die BVG von den fast 40 Jahre alten Rekowagen - Chronik Berlin","og_description":"Am 1.6.1996 verabschiedete sich die BVG von den fast 40 Jahre alten Rekowagen (TE\/TZ), die zwischen 1959 und 1970 im RAW Sch\u00f6neweide unter Verwendung von Teilen von Altbaufahrzeugen entstanden waren. (Quelle: Berliner Stra\u00dfenbahn-Chronik Band II: Die \u201eElektrische\u201c bei der BVG 1929 bis 2015; Hilkenbach, Kramer; Verlag Gesellschaft f\u00fcr Verkehrspolitik und Eisenbahnwesen e.V. (GVE), Berlin, 2015) &hellip; \u201e1996-06-01 Stra\u00dfenbahn: verabschiedete sich die BVG von den fast 40 Jahre alten Rekowagen\u201c weiterlesen","og_url":"https:\/\/chronik.berliner-verkehr.de\/?p=5201","og_site_name":"Chronik Berlin","article_published_time":"1996-06-01T17:05:50+00:00","article_modified_time":"2022-01-21T21:15:43+00:00","author":"ralfbj70","twitter_card":"summary_large_image","twitter_misc":{"Verfasst von":"ralfbj70","Gesch\u00e4tzte Lesezeit":"1\u00a0Minute"},"schema":{"@context":"https:\/\/schema.org","@graph":[{"@type":"Article","@id":"https:\/\/chronik.berliner-verkehr.de\/?p=5201#article","isPartOf":{"@id":"https:\/\/chronik.berliner-verkehr.de\/?p=5201"},"author":{"name":"ralfbj70","@id":"https:\/\/chronik.berliner-verkehr.de\/#\/schema\/person\/0aafc2c308e915dc30d0c77868efda48"},"headline":"1996-06-01 Stra\u00dfenbahn: verabschiedete sich die BVG von den fast 40 Jahre alten Rekowagen","datePublished":"1996-06-01T17:05:50+00:00","dateModified":"2022-01-21T21:15:43+00:00","mainEntityOfPage":{"@id":"https:\/\/chronik.berliner-verkehr.de\/?p=5201"},"wordCount":197,"articleSection":["Fahrzeuge+Antrieb","letzte Fahrt","Stra\u00dfenbahn"],"inLanguage":"de"},{"@type":"WebPage","@id":"https:\/\/chronik.berliner-verkehr.de\/?p=5201","url":"https:\/\/chronik.berliner-verkehr.de\/?p=5201","name":"1996-06-01 Stra\u00dfenbahn: verabschiedete sich die BVG von den fast 40 Jahre alten Rekowagen - Chronik Berlin","isPartOf":{"@id":"https:\/\/chronik.berliner-verkehr.de\/#website"},"datePublished":"1996-06-01T17:05:50+00:00","dateModified":"2022-01-21T21:15:43+00:00","author":{"@id":"https:\/\/chronik.berliner-verkehr.de\/#\/schema\/person\/0aafc2c308e915dc30d0c77868efda48"},"breadcrumb":{"@id":"https:\/\/chronik.berliner-verkehr.de\/?p=5201#breadcrumb"},"inLanguage":"de","potentialAction":[{"@type":"ReadAction","target":["https:\/\/chronik.berliner-verkehr.de\/?p=5201"]}]},{"@type":"BreadcrumbList","@id":"https:\/\/chronik.berliner-verkehr.de\/?p=5201#breadcrumb","itemListElement":[{"@type":"ListItem","position":1,"name":"Startseite","item":"https:\/\/chronik.berliner-verkehr.de\/"},{"@type":"ListItem","position":2,"name":"1996-06-01 Stra\u00dfenbahn: verabschiedete sich die BVG von den fast 40 Jahre alten Rekowagen"}]},{"@type":"WebSite","@id":"https:\/\/chronik.berliner-verkehr.de\/#website","url":"https:\/\/chronik.berliner-verkehr.de\/","name":"Chronik Berlin","description":"Chronik von Berlin:Verkehr","potentialAction":[{"@type":"SearchAction","target":{"@type":"EntryPoint","urlTemplate":"https:\/\/chronik.berliner-verkehr.de\/?s={search_term_string}"},"query-input":{"@type":"PropertyValueSpecification","valueRequired":true,"valueName":"search_term_string"}}],"inLanguage":"de"},{"@type":"Person","@id":"https:\/\/chronik.berliner-verkehr.de\/#\/schema\/person\/0aafc2c308e915dc30d0c77868efda48","name":"ralfbj70","image":{"@type":"ImageObject","inLanguage":"de","@id":"https:\/\/secure.gravatar.com\/avatar\/ea0988e51fb7b4df6a45e2826bf423f784b45c1f3c7d412d22f1551a136ffc12?s=96&d=mm&r=g","url":"https:\/\/secure.gravatar.com\/avatar\/ea0988e51fb7b4df6a45e2826bf423f784b45c1f3c7d412d22f1551a136ffc12?s=96&d=mm&r=g","contentUrl":"https:\/\/secure.gravatar.com\/avatar\/ea0988e51fb7b4df6a45e2826bf423f784b45c1f3c7d412d22f1551a136ffc12?s=96&d=mm&r=g","caption":"ralfbj70"},"url":"https:\/\/chronik.berliner-verkehr.de\/?author=1"}]}},"_links":{"self":[{"href":"https:\/\/chronik.berliner-verkehr.de\/index.php?rest_route=\/wp\/v2\/posts\/5201","targetHints":{"allow":["GET"]}}],"collection":[{"href":"https:\/\/chronik.berliner-verkehr.de\/index.php?rest_route=\/wp\/v2\/posts"}],"about":[{"href":"https:\/\/chronik.berliner-verkehr.de\/index.php?rest_route=\/wp\/v2\/types\/post"}],"author":[{"embeddable":true,"href":"https:\/\/chronik.berliner-verkehr.de\/index.php?rest_route=\/wp\/v2\/users\/1"}],"replies":[{"embeddable":true,"href":"https:\/\/chronik.berliner-verkehr.de\/index.php?rest_route=%2Fwp%2Fv2%2Fcomments&post=5201"}],"version-history":[{"count":2,"href":"https:\/\/chronik.berliner-verkehr.de\/index.php?rest_route=\/wp\/v2\/posts\/5201\/revisions"}],"predecessor-version":[{"id":7327,"href":"https:\/\/chronik.berliner-verkehr.de\/index.php?rest_route=\/wp\/v2\/posts\/5201\/revisions\/7327"}],"wp:attachment":[{"href":"https:\/\/chronik.berliner-verkehr.de\/index.php?rest_route=%2Fwp%2Fv2%2Fmedia&parent=5201"}],"curies":[{"name":"wp","href":"https:\/\/api.w.org\/{rel}","templated":true}]}}