{"id":5541,"date":"2000-07-01T15:21:12","date_gmt":"2000-07-01T13:21:12","guid":{"rendered":"https:\/\/chronik.berliner-verkehr.de\/?p=5541"},"modified":"2022-02-17T21:15:56","modified_gmt":"2022-02-17T20:15:56","slug":"2000-07-u-bahn-fehrbelliner-platz","status":"publish","type":"post","link":"https:\/\/chronik.berliner-verkehr.de\/?p=5541","title":{"rendered":"2000-07 U-Bahn: Fehrbelliner Platz"},"content":{"rendered":"\n<p>Das seit August 1999 vollst\u00e4ndig umgebaute Zwischengescho\u00df des Bahnhofs Fehrbelliner Platz wird er\u00f6ffnet. Gleichzeitig erfolgte eine Umgestaltung der Bahnsteighalle der U7.<\/p>\n\n\n\n<p>(Quelle: Berliner U-Bahn-Chronik; Kramer, Lemke, Meyer-Kronthaler, Poppel und weitere; Verlag Gesellschaft f\u00fcr Verkehrspolitik und Eisenbahnwesen e.V. (GVE), Berlin, 2007)<\/p>\n\n\n\n<p>Nach neunmonatiger Bauzeit er\u00f6ffnete die BVG Mitte Juli 2000 im gro\u00dfz\u00fcgig umgebauten Zwischengescho\u00df des U-Bf. Fehrbelliner Platz ihre f\u00fcnfte Ladenpassage (23 L\u00e4den). Seit 1994 richtete die BVG in den Zwischengeschossen von vier weiteren U-Bahnh\u00f6fen (Osloer Stra\u00dfe, Alexanderplatz, Alt-Tegel, Walther-Schreiber-Platz) \u00e4hnliche Ladenzeilen ein. Weitere Ladenpassagen sollen bis Ende 2001 in den U-Bahnh\u00f6fen Adenauerplatz, Pankow, Seestra\u00dfe, Kleistpark und Rathaus Spandau entstehen. Der Bahnsteig der Linie U7 des U-Bf. Fehrbelliner Platz wurde gleichfalls saniert (u.a. neuer, hellerer Bahnsteigbelag mit dunklem Blindenleitstreifen).<\/p>\n\n\n\n<p>(Quelle: BVB 09\/00)<\/p>\n","protected":false},"excerpt":{"rendered":"<p>Das seit August 1999 vollst\u00e4ndig umgebaute Zwischengescho\u00df des Bahnhofs Fehrbelliner Platz wird er\u00f6ffnet. Gleichzeitig erfolgte eine Umgestaltung der Bahnsteighalle der U7. (Quelle: Berliner U-Bahn-Chronik; Kramer, Lemke, Meyer-Kronthaler, Poppel und weitere; Verlag Gesellschaft f\u00fcr Verkehrspolitik und Eisenbahnwesen e.V. (GVE), Berlin, 2007) Nach neunmonatiger Bauzeit er\u00f6ffnete die BVG Mitte Juli 2000 im gro\u00dfz\u00fcgig umgebauten Zwischengescho\u00df des U-Bf. &hellip; <a href=\"https:\/\/chronik.berliner-verkehr.de\/?p=5541\" class=\"more-link\"><span class=\"screen-reader-text\">\u201e2000-07 U-Bahn: Fehrbelliner Platz\u201c <\/span>weiterlesen<\/a><\/p>\n","protected":false},"author":1,"featured_media":0,"comment_status":"closed","ping_status":"open","sticky":false,"template":"","format":"standard","meta":{"footnotes":""},"class_list":["post-5541","post","type-post","status-publish","format-standard","hentry","category-bahnhoefe_stationen","category-u-bahn"],"yoast_head":"<!-- This site is optimized with the Yoast SEO plugin v27.4 - https:\/\/yoast.com\/product\/yoast-seo-wordpress\/ -->\n<title>2000-07 U-Bahn: Fehrbelliner Platz - Chronik Berlin<\/title>\n<meta name=\"robots\" content=\"index, follow, max-snippet:-1, max-image-preview:large, max-video-preview:-1\" \/>\n<link rel=\"canonical\" href=\"https:\/\/chronik.berliner-verkehr.de\/?p=5541\" \/>\n<meta property=\"og:locale\" content=\"de_DE\" \/>\n<meta property=\"og:type\" content=\"article\" \/>\n<meta property=\"og:title\" content=\"2000-07 U-Bahn: Fehrbelliner Platz - Chronik Berlin\" \/>\n<meta property=\"og:description\" content=\"Das seit August 1999 vollst\u00e4ndig umgebaute Zwischengescho\u00df des Bahnhofs Fehrbelliner Platz wird er\u00f6ffnet. Gleichzeitig erfolgte eine Umgestaltung der Bahnsteighalle der U7. (Quelle: Berliner U-Bahn-Chronik; Kramer, Lemke, Meyer-Kronthaler, Poppel und weitere; Verlag Gesellschaft f\u00fcr Verkehrspolitik und Eisenbahnwesen e.V. (GVE), Berlin, 2007) Nach neunmonatiger Bauzeit er\u00f6ffnete die BVG Mitte Juli 2000 im gro\u00dfz\u00fcgig umgebauten Zwischengescho\u00df des U-Bf. &hellip; \u201e2000-07 U-Bahn: Fehrbelliner Platz\u201c weiterlesen\" \/>\n<meta property=\"og:url\" content=\"https:\/\/chronik.berliner-verkehr.de\/?p=5541\" \/>\n<meta property=\"og:site_name\" content=\"Chronik Berlin\" \/>\n<meta property=\"article:published_time\" content=\"2000-07-01T13:21:12+00:00\" \/>\n<meta property=\"article:modified_time\" content=\"2022-02-17T20:15:56+00:00\" \/>\n<meta name=\"author\" content=\"ralfbj70\" \/>\n<meta name=\"twitter:card\" content=\"summary_large_image\" \/>\n<meta name=\"twitter:label1\" content=\"Verfasst von\" \/>\n\t<meta name=\"twitter:data1\" content=\"ralfbj70\" \/>\n\t<meta name=\"twitter:label2\" content=\"Gesch\u00e4tzte Lesezeit\" \/>\n\t<meta name=\"twitter:data2\" content=\"1\u00a0Minute\" \/>\n<script type=\"application\/ld+json\" class=\"yoast-schema-graph\">{\"@context\":\"https:\\\/\\\/schema.org\",\"@graph\":[{\"@type\":\"Article\",\"@id\":\"https:\\\/\\\/chronik.berliner-verkehr.de\\\/?p=5541#article\",\"isPartOf\":{\"@id\":\"https:\\\/\\\/chronik.berliner-verkehr.de\\\/?p=5541\"},\"author\":{\"name\":\"ralfbj70\",\"@id\":\"https:\\\/\\\/chronik.berliner-verkehr.de\\\/#\\\/schema\\\/person\\\/0aafc2c308e915dc30d0c77868efda48\"},\"headline\":\"2000-07 U-Bahn: Fehrbelliner Platz\",\"datePublished\":\"2000-07-01T13:21:12+00:00\",\"dateModified\":\"2022-02-17T20:15:56+00:00\",\"mainEntityOfPage\":{\"@id\":\"https:\\\/\\\/chronik.berliner-verkehr.de\\\/?p=5541\"},\"wordCount\":132,\"articleSection\":[\"Bahnh\u00f6fe, Stationen\",\"U-Bahn\"],\"inLanguage\":\"de\"},{\"@type\":\"WebPage\",\"@id\":\"https:\\\/\\\/chronik.berliner-verkehr.de\\\/?p=5541\",\"url\":\"https:\\\/\\\/chronik.berliner-verkehr.de\\\/?p=5541\",\"name\":\"2000-07 U-Bahn: Fehrbelliner Platz - Chronik Berlin\",\"isPartOf\":{\"@id\":\"https:\\\/\\\/chronik.berliner-verkehr.de\\\/#website\"},\"datePublished\":\"2000-07-01T13:21:12+00:00\",\"dateModified\":\"2022-02-17T20:15:56+00:00\",\"author\":{\"@id\":\"https:\\\/\\\/chronik.berliner-verkehr.de\\\/#\\\/schema\\\/person\\\/0aafc2c308e915dc30d0c77868efda48\"},\"breadcrumb\":{\"@id\":\"https:\\\/\\\/chronik.berliner-verkehr.de\\\/?p=5541#breadcrumb\"},\"inLanguage\":\"de\",\"potentialAction\":[{\"@type\":\"ReadAction\",\"target\":[\"https:\\\/\\\/chronik.berliner-verkehr.de\\\/?p=5541\"]}]},{\"@type\":\"BreadcrumbList\",\"@id\":\"https:\\\/\\\/chronik.berliner-verkehr.de\\\/?p=5541#breadcrumb\",\"itemListElement\":[{\"@type\":\"ListItem\",\"position\":1,\"name\":\"Startseite\",\"item\":\"https:\\\/\\\/chronik.berliner-verkehr.de\\\/\"},{\"@type\":\"ListItem\",\"position\":2,\"name\":\"2000-07 U-Bahn: Fehrbelliner Platz\"}]},{\"@type\":\"WebSite\",\"@id\":\"https:\\\/\\\/chronik.berliner-verkehr.de\\\/#website\",\"url\":\"https:\\\/\\\/chronik.berliner-verkehr.de\\\/\",\"name\":\"Chronik Berlin\",\"description\":\"Chronik von Berlin:Verkehr\",\"potentialAction\":[{\"@type\":\"SearchAction\",\"target\":{\"@type\":\"EntryPoint\",\"urlTemplate\":\"https:\\\/\\\/chronik.berliner-verkehr.de\\\/?s={search_term_string}\"},\"query-input\":{\"@type\":\"PropertyValueSpecification\",\"valueRequired\":true,\"valueName\":\"search_term_string\"}}],\"inLanguage\":\"de\"},{\"@type\":\"Person\",\"@id\":\"https:\\\/\\\/chronik.berliner-verkehr.de\\\/#\\\/schema\\\/person\\\/0aafc2c308e915dc30d0c77868efda48\",\"name\":\"ralfbj70\",\"image\":{\"@type\":\"ImageObject\",\"inLanguage\":\"de\",\"@id\":\"https:\\\/\\\/secure.gravatar.com\\\/avatar\\\/ea0988e51fb7b4df6a45e2826bf423f784b45c1f3c7d412d22f1551a136ffc12?s=96&d=mm&r=g\",\"url\":\"https:\\\/\\\/secure.gravatar.com\\\/avatar\\\/ea0988e51fb7b4df6a45e2826bf423f784b45c1f3c7d412d22f1551a136ffc12?s=96&d=mm&r=g\",\"contentUrl\":\"https:\\\/\\\/secure.gravatar.com\\\/avatar\\\/ea0988e51fb7b4df6a45e2826bf423f784b45c1f3c7d412d22f1551a136ffc12?s=96&d=mm&r=g\",\"caption\":\"ralfbj70\"},\"url\":\"https:\\\/\\\/chronik.berliner-verkehr.de\\\/?author=1\"}]}<\/script>\n<!-- \/ Yoast SEO plugin. -->","yoast_head_json":{"title":"2000-07 U-Bahn: Fehrbelliner Platz - Chronik Berlin","robots":{"index":"index","follow":"follow","max-snippet":"max-snippet:-1","max-image-preview":"max-image-preview:large","max-video-preview":"max-video-preview:-1"},"canonical":"https:\/\/chronik.berliner-verkehr.de\/?p=5541","og_locale":"de_DE","og_type":"article","og_title":"2000-07 U-Bahn: Fehrbelliner Platz - Chronik Berlin","og_description":"Das seit August 1999 vollst\u00e4ndig umgebaute Zwischengescho\u00df des Bahnhofs Fehrbelliner Platz wird er\u00f6ffnet. Gleichzeitig erfolgte eine Umgestaltung der Bahnsteighalle der U7. (Quelle: Berliner U-Bahn-Chronik; Kramer, Lemke, Meyer-Kronthaler, Poppel und weitere; Verlag Gesellschaft f\u00fcr Verkehrspolitik und Eisenbahnwesen e.V. (GVE), Berlin, 2007) Nach neunmonatiger Bauzeit er\u00f6ffnete die BVG Mitte Juli 2000 im gro\u00dfz\u00fcgig umgebauten Zwischengescho\u00df des U-Bf. &hellip; \u201e2000-07 U-Bahn: Fehrbelliner Platz\u201c weiterlesen","og_url":"https:\/\/chronik.berliner-verkehr.de\/?p=5541","og_site_name":"Chronik Berlin","article_published_time":"2000-07-01T13:21:12+00:00","article_modified_time":"2022-02-17T20:15:56+00:00","author":"ralfbj70","twitter_card":"summary_large_image","twitter_misc":{"Verfasst von":"ralfbj70","Gesch\u00e4tzte Lesezeit":"1\u00a0Minute"},"schema":{"@context":"https:\/\/schema.org","@graph":[{"@type":"Article","@id":"https:\/\/chronik.berliner-verkehr.de\/?p=5541#article","isPartOf":{"@id":"https:\/\/chronik.berliner-verkehr.de\/?p=5541"},"author":{"name":"ralfbj70","@id":"https:\/\/chronik.berliner-verkehr.de\/#\/schema\/person\/0aafc2c308e915dc30d0c77868efda48"},"headline":"2000-07 U-Bahn: Fehrbelliner Platz","datePublished":"2000-07-01T13:21:12+00:00","dateModified":"2022-02-17T20:15:56+00:00","mainEntityOfPage":{"@id":"https:\/\/chronik.berliner-verkehr.de\/?p=5541"},"wordCount":132,"articleSection":["Bahnh\u00f6fe, Stationen","U-Bahn"],"inLanguage":"de"},{"@type":"WebPage","@id":"https:\/\/chronik.berliner-verkehr.de\/?p=5541","url":"https:\/\/chronik.berliner-verkehr.de\/?p=5541","name":"2000-07 U-Bahn: Fehrbelliner Platz - Chronik Berlin","isPartOf":{"@id":"https:\/\/chronik.berliner-verkehr.de\/#website"},"datePublished":"2000-07-01T13:21:12+00:00","dateModified":"2022-02-17T20:15:56+00:00","author":{"@id":"https:\/\/chronik.berliner-verkehr.de\/#\/schema\/person\/0aafc2c308e915dc30d0c77868efda48"},"breadcrumb":{"@id":"https:\/\/chronik.berliner-verkehr.de\/?p=5541#breadcrumb"},"inLanguage":"de","potentialAction":[{"@type":"ReadAction","target":["https:\/\/chronik.berliner-verkehr.de\/?p=5541"]}]},{"@type":"BreadcrumbList","@id":"https:\/\/chronik.berliner-verkehr.de\/?p=5541#breadcrumb","itemListElement":[{"@type":"ListItem","position":1,"name":"Startseite","item":"https:\/\/chronik.berliner-verkehr.de\/"},{"@type":"ListItem","position":2,"name":"2000-07 U-Bahn: Fehrbelliner Platz"}]},{"@type":"WebSite","@id":"https:\/\/chronik.berliner-verkehr.de\/#website","url":"https:\/\/chronik.berliner-verkehr.de\/","name":"Chronik Berlin","description":"Chronik von Berlin:Verkehr","potentialAction":[{"@type":"SearchAction","target":{"@type":"EntryPoint","urlTemplate":"https:\/\/chronik.berliner-verkehr.de\/?s={search_term_string}"},"query-input":{"@type":"PropertyValueSpecification","valueRequired":true,"valueName":"search_term_string"}}],"inLanguage":"de"},{"@type":"Person","@id":"https:\/\/chronik.berliner-verkehr.de\/#\/schema\/person\/0aafc2c308e915dc30d0c77868efda48","name":"ralfbj70","image":{"@type":"ImageObject","inLanguage":"de","@id":"https:\/\/secure.gravatar.com\/avatar\/ea0988e51fb7b4df6a45e2826bf423f784b45c1f3c7d412d22f1551a136ffc12?s=96&d=mm&r=g","url":"https:\/\/secure.gravatar.com\/avatar\/ea0988e51fb7b4df6a45e2826bf423f784b45c1f3c7d412d22f1551a136ffc12?s=96&d=mm&r=g","contentUrl":"https:\/\/secure.gravatar.com\/avatar\/ea0988e51fb7b4df6a45e2826bf423f784b45c1f3c7d412d22f1551a136ffc12?s=96&d=mm&r=g","caption":"ralfbj70"},"url":"https:\/\/chronik.berliner-verkehr.de\/?author=1"}]}},"_links":{"self":[{"href":"https:\/\/chronik.berliner-verkehr.de\/index.php?rest_route=\/wp\/v2\/posts\/5541","targetHints":{"allow":["GET"]}}],"collection":[{"href":"https:\/\/chronik.berliner-verkehr.de\/index.php?rest_route=\/wp\/v2\/posts"}],"about":[{"href":"https:\/\/chronik.berliner-verkehr.de\/index.php?rest_route=\/wp\/v2\/types\/post"}],"author":[{"embeddable":true,"href":"https:\/\/chronik.berliner-verkehr.de\/index.php?rest_route=\/wp\/v2\/users\/1"}],"replies":[{"embeddable":true,"href":"https:\/\/chronik.berliner-verkehr.de\/index.php?rest_route=%2Fwp%2Fv2%2Fcomments&post=5541"}],"version-history":[{"count":2,"href":"https:\/\/chronik.berliner-verkehr.de\/index.php?rest_route=\/wp\/v2\/posts\/5541\/revisions"}],"predecessor-version":[{"id":8106,"href":"https:\/\/chronik.berliner-verkehr.de\/index.php?rest_route=\/wp\/v2\/posts\/5541\/revisions\/8106"}],"wp:attachment":[{"href":"https:\/\/chronik.berliner-verkehr.de\/index.php?rest_route=%2Fwp%2Fv2%2Fmedia&parent=5541"}],"curies":[{"name":"wp","href":"https:\/\/api.w.org\/{rel}","templated":true}]}}