{"id":5947,"date":"1966-01-24T11:09:32","date_gmt":"1966-01-24T10:09:32","guid":{"rendered":"https:\/\/chronik.berliner-verkehr.de\/?p=5947"},"modified":"2021-07-16T11:09:41","modified_gmt":"2021-07-16T09:09:41","slug":"1966-01-24-s-bahn-strassenverkehr-s-bahnhof-steglitz-stadtautobahn","status":"publish","type":"post","link":"https:\/\/chronik.berliner-verkehr.de\/?p=5947","title":{"rendered":"1966-01-24 S-Bahn + Stra\u00dfenverkehr: S-Bahnhof Steglitz, Stadtautobahn"},"content":{"rendered":"\n<p>Nach monatelangen, ergebnislos verlaufenen Gespr\u00e4chen zwischen der Senatsbauverwaltung und der RBD Berlin riegeln Polizeikr\u00e4fte auf Anordnung des amerikanischen Stadtkommandanten General Franklin &#8211; abgestimmt mit seinem britischen und franz\u00f6sischen Kollegen, den Gener\u00e4len Yates und Binoche &#8211; das Gel\u00e4nde des S-Bahnhofs Steglitz ab, um Vorbereitungen zum Abri\u00df eines Geb\u00e4udes zu gew\u00e4hrleisten, das dem Abschlu\u00df der Arbeiten eines Streckenabschnitts der Stadtautobahn im Wege steht. Tags darauf protestiert der stellv. DDR-Verkehrsminister Scholz in einem Fernschreiben an Bausenator Schwedler gegen diesen &#8222;groben Eingriff in den reibungslosen Ablauf und die Betriebssicherheit des Eisenbahnverkehrs in West-Berlin&#8220;. <\/p>\n\n\n\n<p>(Quelle: Berlin-Chronik, Online-Version, hrsg. vom Landesarchiv Berlin. &#8211; URL: http:\/\/www.berlin-chronik.de (Stand: 22.05.2021))<\/p>\n","protected":false},"excerpt":{"rendered":"<p>Nach monatelangen, ergebnislos verlaufenen Gespr\u00e4chen zwischen der Senatsbauverwaltung und der RBD Berlin riegeln Polizeikr\u00e4fte auf Anordnung des amerikanischen Stadtkommandanten General Franklin &#8211; abgestimmt mit seinem britischen und franz\u00f6sischen Kollegen, den Gener\u00e4len Yates und Binoche &#8211; das Gel\u00e4nde des S-Bahnhofs Steglitz ab, um Vorbereitungen zum Abri\u00df eines Geb\u00e4udes zu gew\u00e4hrleisten, das dem Abschlu\u00df der Arbeiten eines &hellip; <a href=\"https:\/\/chronik.berliner-verkehr.de\/?p=5947\" class=\"more-link\"><span class=\"screen-reader-text\">\u201e1966-01-24 S-Bahn + Stra\u00dfenverkehr: S-Bahnhof Steglitz, Stadtautobahn\u201c <\/span>weiterlesen<\/a><\/p>\n","protected":false},"author":1,"featured_media":0,"comment_status":"closed","ping_status":"open","sticky":false,"template":"","format":"standard","meta":{"footnotes":""},"class_list":["post-5947","post","type-post","status-publish","format-standard","hentry","category-s-bahn","category-strassenverkehr","category-strassenverkehr-infrastruktur"],"yoast_head":"<!-- This site is optimized with the Yoast SEO plugin v27.4 - https:\/\/yoast.com\/product\/yoast-seo-wordpress\/ -->\n<title>1966-01-24 S-Bahn + Stra\u00dfenverkehr: S-Bahnhof Steglitz, Stadtautobahn - Chronik Berlin<\/title>\n<meta name=\"robots\" content=\"index, follow, max-snippet:-1, max-image-preview:large, max-video-preview:-1\" \/>\n<link rel=\"canonical\" href=\"https:\/\/chronik.berliner-verkehr.de\/?p=5947\" \/>\n<meta property=\"og:locale\" content=\"de_DE\" \/>\n<meta property=\"og:type\" content=\"article\" \/>\n<meta property=\"og:title\" content=\"1966-01-24 S-Bahn + Stra\u00dfenverkehr: S-Bahnhof Steglitz, Stadtautobahn - Chronik Berlin\" \/>\n<meta property=\"og:description\" content=\"Nach monatelangen, ergebnislos verlaufenen Gespr\u00e4chen zwischen der Senatsbauverwaltung und der RBD Berlin riegeln Polizeikr\u00e4fte auf Anordnung des amerikanischen Stadtkommandanten General Franklin &#8211; abgestimmt mit seinem britischen und franz\u00f6sischen Kollegen, den Gener\u00e4len Yates und Binoche &#8211; das Gel\u00e4nde des S-Bahnhofs Steglitz ab, um Vorbereitungen zum Abri\u00df eines Geb\u00e4udes zu gew\u00e4hrleisten, das dem Abschlu\u00df der Arbeiten eines &hellip; \u201e1966-01-24 S-Bahn + Stra\u00dfenverkehr: S-Bahnhof Steglitz, Stadtautobahn\u201c weiterlesen\" \/>\n<meta property=\"og:url\" content=\"https:\/\/chronik.berliner-verkehr.de\/?p=5947\" \/>\n<meta property=\"og:site_name\" content=\"Chronik Berlin\" \/>\n<meta property=\"article:published_time\" content=\"1966-01-24T10:09:32+00:00\" \/>\n<meta property=\"article:modified_time\" content=\"2021-07-16T09:09:41+00:00\" \/>\n<meta name=\"author\" content=\"ralfbj70\" \/>\n<meta name=\"twitter:card\" content=\"summary_large_image\" \/>\n<meta name=\"twitter:label1\" content=\"Verfasst von\" \/>\n\t<meta name=\"twitter:data1\" content=\"ralfbj70\" \/>\n\t<meta name=\"twitter:label2\" content=\"Gesch\u00e4tzte Lesezeit\" \/>\n\t<meta name=\"twitter:data2\" content=\"1\u00a0Minute\" \/>\n<script type=\"application\/ld+json\" class=\"yoast-schema-graph\">{\"@context\":\"https:\\\/\\\/schema.org\",\"@graph\":[{\"@type\":\"Article\",\"@id\":\"https:\\\/\\\/chronik.berliner-verkehr.de\\\/?p=5947#article\",\"isPartOf\":{\"@id\":\"https:\\\/\\\/chronik.berliner-verkehr.de\\\/?p=5947\"},\"author\":{\"name\":\"ralfbj70\",\"@id\":\"https:\\\/\\\/chronik.berliner-verkehr.de\\\/#\\\/schema\\\/person\\\/0aafc2c308e915dc30d0c77868efda48\"},\"headline\":\"1966-01-24 S-Bahn + Stra\u00dfenverkehr: S-Bahnhof Steglitz, Stadtautobahn\",\"datePublished\":\"1966-01-24T10:09:32+00:00\",\"dateModified\":\"2021-07-16T09:09:41+00:00\",\"mainEntityOfPage\":{\"@id\":\"https:\\\/\\\/chronik.berliner-verkehr.de\\\/?p=5947\"},\"wordCount\":118,\"articleSection\":[\"S-Bahn\",\"Stra\u00dfenverkehr\",\"Stra\u00dfenverkehr\"],\"inLanguage\":\"de\"},{\"@type\":\"WebPage\",\"@id\":\"https:\\\/\\\/chronik.berliner-verkehr.de\\\/?p=5947\",\"url\":\"https:\\\/\\\/chronik.berliner-verkehr.de\\\/?p=5947\",\"name\":\"1966-01-24 S-Bahn + Stra\u00dfenverkehr: S-Bahnhof Steglitz, Stadtautobahn - Chronik Berlin\",\"isPartOf\":{\"@id\":\"https:\\\/\\\/chronik.berliner-verkehr.de\\\/#website\"},\"datePublished\":\"1966-01-24T10:09:32+00:00\",\"dateModified\":\"2021-07-16T09:09:41+00:00\",\"author\":{\"@id\":\"https:\\\/\\\/chronik.berliner-verkehr.de\\\/#\\\/schema\\\/person\\\/0aafc2c308e915dc30d0c77868efda48\"},\"breadcrumb\":{\"@id\":\"https:\\\/\\\/chronik.berliner-verkehr.de\\\/?p=5947#breadcrumb\"},\"inLanguage\":\"de\",\"potentialAction\":[{\"@type\":\"ReadAction\",\"target\":[\"https:\\\/\\\/chronik.berliner-verkehr.de\\\/?p=5947\"]}]},{\"@type\":\"BreadcrumbList\",\"@id\":\"https:\\\/\\\/chronik.berliner-verkehr.de\\\/?p=5947#breadcrumb\",\"itemListElement\":[{\"@type\":\"ListItem\",\"position\":1,\"name\":\"Startseite\",\"item\":\"https:\\\/\\\/chronik.berliner-verkehr.de\\\/\"},{\"@type\":\"ListItem\",\"position\":2,\"name\":\"1966-01-24 S-Bahn + Stra\u00dfenverkehr: S-Bahnhof Steglitz, Stadtautobahn\"}]},{\"@type\":\"WebSite\",\"@id\":\"https:\\\/\\\/chronik.berliner-verkehr.de\\\/#website\",\"url\":\"https:\\\/\\\/chronik.berliner-verkehr.de\\\/\",\"name\":\"Chronik Berlin\",\"description\":\"Chronik von Berlin:Verkehr\",\"potentialAction\":[{\"@type\":\"SearchAction\",\"target\":{\"@type\":\"EntryPoint\",\"urlTemplate\":\"https:\\\/\\\/chronik.berliner-verkehr.de\\\/?s={search_term_string}\"},\"query-input\":{\"@type\":\"PropertyValueSpecification\",\"valueRequired\":true,\"valueName\":\"search_term_string\"}}],\"inLanguage\":\"de\"},{\"@type\":\"Person\",\"@id\":\"https:\\\/\\\/chronik.berliner-verkehr.de\\\/#\\\/schema\\\/person\\\/0aafc2c308e915dc30d0c77868efda48\",\"name\":\"ralfbj70\",\"image\":{\"@type\":\"ImageObject\",\"inLanguage\":\"de\",\"@id\":\"https:\\\/\\\/secure.gravatar.com\\\/avatar\\\/ea0988e51fb7b4df6a45e2826bf423f784b45c1f3c7d412d22f1551a136ffc12?s=96&d=mm&r=g\",\"url\":\"https:\\\/\\\/secure.gravatar.com\\\/avatar\\\/ea0988e51fb7b4df6a45e2826bf423f784b45c1f3c7d412d22f1551a136ffc12?s=96&d=mm&r=g\",\"contentUrl\":\"https:\\\/\\\/secure.gravatar.com\\\/avatar\\\/ea0988e51fb7b4df6a45e2826bf423f784b45c1f3c7d412d22f1551a136ffc12?s=96&d=mm&r=g\",\"caption\":\"ralfbj70\"},\"url\":\"https:\\\/\\\/chronik.berliner-verkehr.de\\\/?author=1\"}]}<\/script>\n<!-- \/ Yoast SEO plugin. -->","yoast_head_json":{"title":"1966-01-24 S-Bahn + Stra\u00dfenverkehr: S-Bahnhof Steglitz, Stadtautobahn - Chronik Berlin","robots":{"index":"index","follow":"follow","max-snippet":"max-snippet:-1","max-image-preview":"max-image-preview:large","max-video-preview":"max-video-preview:-1"},"canonical":"https:\/\/chronik.berliner-verkehr.de\/?p=5947","og_locale":"de_DE","og_type":"article","og_title":"1966-01-24 S-Bahn + Stra\u00dfenverkehr: S-Bahnhof Steglitz, Stadtautobahn - Chronik Berlin","og_description":"Nach monatelangen, ergebnislos verlaufenen Gespr\u00e4chen zwischen der Senatsbauverwaltung und der RBD Berlin riegeln Polizeikr\u00e4fte auf Anordnung des amerikanischen Stadtkommandanten General Franklin &#8211; abgestimmt mit seinem britischen und franz\u00f6sischen Kollegen, den Gener\u00e4len Yates und Binoche &#8211; das Gel\u00e4nde des S-Bahnhofs Steglitz ab, um Vorbereitungen zum Abri\u00df eines Geb\u00e4udes zu gew\u00e4hrleisten, das dem Abschlu\u00df der Arbeiten eines &hellip; \u201e1966-01-24 S-Bahn + Stra\u00dfenverkehr: S-Bahnhof Steglitz, Stadtautobahn\u201c weiterlesen","og_url":"https:\/\/chronik.berliner-verkehr.de\/?p=5947","og_site_name":"Chronik Berlin","article_published_time":"1966-01-24T10:09:32+00:00","article_modified_time":"2021-07-16T09:09:41+00:00","author":"ralfbj70","twitter_card":"summary_large_image","twitter_misc":{"Verfasst von":"ralfbj70","Gesch\u00e4tzte Lesezeit":"1\u00a0Minute"},"schema":{"@context":"https:\/\/schema.org","@graph":[{"@type":"Article","@id":"https:\/\/chronik.berliner-verkehr.de\/?p=5947#article","isPartOf":{"@id":"https:\/\/chronik.berliner-verkehr.de\/?p=5947"},"author":{"name":"ralfbj70","@id":"https:\/\/chronik.berliner-verkehr.de\/#\/schema\/person\/0aafc2c308e915dc30d0c77868efda48"},"headline":"1966-01-24 S-Bahn + Stra\u00dfenverkehr: S-Bahnhof Steglitz, Stadtautobahn","datePublished":"1966-01-24T10:09:32+00:00","dateModified":"2021-07-16T09:09:41+00:00","mainEntityOfPage":{"@id":"https:\/\/chronik.berliner-verkehr.de\/?p=5947"},"wordCount":118,"articleSection":["S-Bahn","Stra\u00dfenverkehr","Stra\u00dfenverkehr"],"inLanguage":"de"},{"@type":"WebPage","@id":"https:\/\/chronik.berliner-verkehr.de\/?p=5947","url":"https:\/\/chronik.berliner-verkehr.de\/?p=5947","name":"1966-01-24 S-Bahn + Stra\u00dfenverkehr: S-Bahnhof Steglitz, Stadtautobahn - Chronik Berlin","isPartOf":{"@id":"https:\/\/chronik.berliner-verkehr.de\/#website"},"datePublished":"1966-01-24T10:09:32+00:00","dateModified":"2021-07-16T09:09:41+00:00","author":{"@id":"https:\/\/chronik.berliner-verkehr.de\/#\/schema\/person\/0aafc2c308e915dc30d0c77868efda48"},"breadcrumb":{"@id":"https:\/\/chronik.berliner-verkehr.de\/?p=5947#breadcrumb"},"inLanguage":"de","potentialAction":[{"@type":"ReadAction","target":["https:\/\/chronik.berliner-verkehr.de\/?p=5947"]}]},{"@type":"BreadcrumbList","@id":"https:\/\/chronik.berliner-verkehr.de\/?p=5947#breadcrumb","itemListElement":[{"@type":"ListItem","position":1,"name":"Startseite","item":"https:\/\/chronik.berliner-verkehr.de\/"},{"@type":"ListItem","position":2,"name":"1966-01-24 S-Bahn + Stra\u00dfenverkehr: S-Bahnhof Steglitz, Stadtautobahn"}]},{"@type":"WebSite","@id":"https:\/\/chronik.berliner-verkehr.de\/#website","url":"https:\/\/chronik.berliner-verkehr.de\/","name":"Chronik Berlin","description":"Chronik von Berlin:Verkehr","potentialAction":[{"@type":"SearchAction","target":{"@type":"EntryPoint","urlTemplate":"https:\/\/chronik.berliner-verkehr.de\/?s={search_term_string}"},"query-input":{"@type":"PropertyValueSpecification","valueRequired":true,"valueName":"search_term_string"}}],"inLanguage":"de"},{"@type":"Person","@id":"https:\/\/chronik.berliner-verkehr.de\/#\/schema\/person\/0aafc2c308e915dc30d0c77868efda48","name":"ralfbj70","image":{"@type":"ImageObject","inLanguage":"de","@id":"https:\/\/secure.gravatar.com\/avatar\/ea0988e51fb7b4df6a45e2826bf423f784b45c1f3c7d412d22f1551a136ffc12?s=96&d=mm&r=g","url":"https:\/\/secure.gravatar.com\/avatar\/ea0988e51fb7b4df6a45e2826bf423f784b45c1f3c7d412d22f1551a136ffc12?s=96&d=mm&r=g","contentUrl":"https:\/\/secure.gravatar.com\/avatar\/ea0988e51fb7b4df6a45e2826bf423f784b45c1f3c7d412d22f1551a136ffc12?s=96&d=mm&r=g","caption":"ralfbj70"},"url":"https:\/\/chronik.berliner-verkehr.de\/?author=1"}]}},"_links":{"self":[{"href":"https:\/\/chronik.berliner-verkehr.de\/index.php?rest_route=\/wp\/v2\/posts\/5947","targetHints":{"allow":["GET"]}}],"collection":[{"href":"https:\/\/chronik.berliner-verkehr.de\/index.php?rest_route=\/wp\/v2\/posts"}],"about":[{"href":"https:\/\/chronik.berliner-verkehr.de\/index.php?rest_route=\/wp\/v2\/types\/post"}],"author":[{"embeddable":true,"href":"https:\/\/chronik.berliner-verkehr.de\/index.php?rest_route=\/wp\/v2\/users\/1"}],"replies":[{"embeddable":true,"href":"https:\/\/chronik.berliner-verkehr.de\/index.php?rest_route=%2Fwp%2Fv2%2Fcomments&post=5947"}],"version-history":[{"count":1,"href":"https:\/\/chronik.berliner-verkehr.de\/index.php?rest_route=\/wp\/v2\/posts\/5947\/revisions"}],"predecessor-version":[{"id":5948,"href":"https:\/\/chronik.berliner-verkehr.de\/index.php?rest_route=\/wp\/v2\/posts\/5947\/revisions\/5948"}],"wp:attachment":[{"href":"https:\/\/chronik.berliner-verkehr.de\/index.php?rest_route=%2Fwp%2Fv2%2Fmedia&parent=5947"}],"curies":[{"name":"wp","href":"https:\/\/api.w.org\/{rel}","templated":true}]}}