{"id":6714,"date":"1985-03-15T22:34:51","date_gmt":"1985-03-15T21:34:51","guid":{"rendered":"https:\/\/chronik.berliner-verkehr.de\/?p=6714"},"modified":"2021-08-20T22:35:03","modified_gmt":"2021-08-20T20:35:03","slug":"1985-03-15-post-fernmeldewesen","status":"publish","type":"post","link":"https:\/\/chronik.berliner-verkehr.de\/?p=6714","title":{"rendered":"1985-03-15 Post + Fernmeldewesen: Vereinbarungen \u00fcber die Verlegung eines 211 Kilometer langen Glasfaserkabels mit einer Kapazit\u00e4t von 30000 Fernsprechkan\u00e4len bis zum 30. Juni 1987 zwischen Uelzen und West-Berlin und die Errichtung einer digitalen Richtfunkstrecke"},"content":{"rendered":"\n<p>Vertreter des Bundespostministeriums und des DDR-Ministeriums f\u00fcr Post- und Fernmeldewesen unterzeichnen in Bonn zwei Vereinbarungen \u00fcber die Verlegung eines 211 Kilometer langen Glasfaserkabels mit einer Kapazit\u00e4t von 30000 Fernsprechkan\u00e4len bis zum 30. Juni 1987 zwischen Uelzen und West-Berlin und die Errichtung einer digitalen Richtfunkstrecke von Gartow in Niedersachsen \u00fcber drei Fernmeldet\u00fcrme in der DDR bis zum 30. Juni 1986. Bundespostminister Schwarz-Schilling nennt anschlie\u00dfend vor der Presse die neuen Verbindungen f\u00fcr die Bundespost &#8211; sie liefert im \u00fcbrigen die technische Ausr\u00fcstung unentgeltlich und zahlt der DDR f\u00fcr die Verlegung des Kabels 65 Mio. DM und f\u00fcr die Umr\u00fcstung der Richtfunkt\u00fcrme 4,5 Mio. DM &#8211; &#8222;einen gro\u00dfen Schritt&#8220;, mit dem die Bundespost angesichts der starken Nachfrage eine reibungslose Abwicklung des Fernsprechverkehrs mit Berlin langfristig sicherstellen will. <\/p>\n\n\n\n<p>(Quelle: Berlin-Chronik, Online-Version, hrsg. vom Landesarchiv Berlin. &#8211; URL: http:\/\/www.berlin-chronik.de (Stand: 24.05.2021))<\/p>\n","protected":false},"excerpt":{"rendered":"<p>Vertreter des Bundespostministeriums und des DDR-Ministeriums f\u00fcr Post- und Fernmeldewesen unterzeichnen in Bonn zwei Vereinbarungen \u00fcber die Verlegung eines 211 Kilometer langen Glasfaserkabels mit einer Kapazit\u00e4t von 30000 Fernsprechkan\u00e4len bis zum 30. Juni 1987 zwischen Uelzen und West-Berlin und die Errichtung einer digitalen Richtfunkstrecke von Gartow in Niedersachsen \u00fcber drei Fernmeldet\u00fcrme in der DDR bis &hellip; <a href=\"https:\/\/chronik.berliner-verkehr.de\/?p=6714\" class=\"more-link\"><span class=\"screen-reader-text\">\u201e1985-03-15 Post + Fernmeldewesen: Vereinbarungen \u00fcber die Verlegung eines 211 Kilometer langen Glasfaserkabels mit einer Kapazit\u00e4t von 30000 Fernsprechkan\u00e4len bis zum 30. Juni 1987 zwischen Uelzen und West-Berlin und die Errichtung einer digitalen Richtfunkstrecke\u201c <\/span>weiterlesen<\/a><\/p>\n","protected":false},"author":1,"featured_media":0,"comment_status":"closed","ping_status":"open","sticky":false,"template":"","format":"standard","meta":{"footnotes":""},"class_list":["post-6714","post","type-post","status-publish","format-standard","hentry","category-postfernmeldewesen"],"yoast_head":"<!-- This site is optimized with the Yoast SEO plugin v27.4 - https:\/\/yoast.com\/product\/yoast-seo-wordpress\/ -->\n<title>1985-03-15 Post + Fernmeldewesen: Vereinbarungen \u00fcber die Verlegung eines 211 Kilometer langen Glasfaserkabels mit einer Kapazit\u00e4t von 30000 Fernsprechkan\u00e4len bis zum 30. Juni 1987 zwischen Uelzen und West-Berlin und die Errichtung einer digitalen Richtfunkstrecke - Chronik Berlin<\/title>\n<meta name=\"robots\" content=\"index, follow, max-snippet:-1, max-image-preview:large, max-video-preview:-1\" \/>\n<link rel=\"canonical\" href=\"https:\/\/chronik.berliner-verkehr.de\/?p=6714\" \/>\n<meta property=\"og:locale\" content=\"de_DE\" \/>\n<meta property=\"og:type\" content=\"article\" \/>\n<meta property=\"og:title\" content=\"1985-03-15 Post + Fernmeldewesen: Vereinbarungen \u00fcber die Verlegung eines 211 Kilometer langen Glasfaserkabels mit einer Kapazit\u00e4t von 30000 Fernsprechkan\u00e4len bis zum 30. Juni 1987 zwischen Uelzen und West-Berlin und die Errichtung einer digitalen Richtfunkstrecke - Chronik Berlin\" \/>\n<meta property=\"og:description\" content=\"Vertreter des Bundespostministeriums und des DDR-Ministeriums f\u00fcr Post- und Fernmeldewesen unterzeichnen in Bonn zwei Vereinbarungen \u00fcber die Verlegung eines 211 Kilometer langen Glasfaserkabels mit einer Kapazit\u00e4t von 30000 Fernsprechkan\u00e4len bis zum 30. Juni 1987 zwischen Uelzen und West-Berlin und die Errichtung einer digitalen Richtfunkstrecke von Gartow in Niedersachsen \u00fcber drei Fernmeldet\u00fcrme in der DDR bis &hellip; \u201e1985-03-15 Post + Fernmeldewesen: Vereinbarungen \u00fcber die Verlegung eines 211 Kilometer langen Glasfaserkabels mit einer Kapazit\u00e4t von 30000 Fernsprechkan\u00e4len bis zum 30. Juni 1987 zwischen Uelzen und West-Berlin und die Errichtung einer digitalen Richtfunkstrecke\u201c weiterlesen\" \/>\n<meta property=\"og:url\" content=\"https:\/\/chronik.berliner-verkehr.de\/?p=6714\" \/>\n<meta property=\"og:site_name\" content=\"Chronik Berlin\" \/>\n<meta property=\"article:published_time\" content=\"1985-03-15T21:34:51+00:00\" \/>\n<meta property=\"article:modified_time\" content=\"2021-08-20T20:35:03+00:00\" \/>\n<meta name=\"author\" content=\"ralfbj70\" \/>\n<meta name=\"twitter:card\" content=\"summary_large_image\" \/>\n<meta name=\"twitter:label1\" content=\"Verfasst von\" \/>\n\t<meta name=\"twitter:data1\" content=\"ralfbj70\" \/>\n\t<meta name=\"twitter:label2\" content=\"Gesch\u00e4tzte Lesezeit\" \/>\n\t<meta name=\"twitter:data2\" content=\"1\u00a0Minute\" \/>\n<script type=\"application\/ld+json\" class=\"yoast-schema-graph\">{\"@context\":\"https:\\\/\\\/schema.org\",\"@graph\":[{\"@type\":\"Article\",\"@id\":\"https:\\\/\\\/chronik.berliner-verkehr.de\\\/?p=6714#article\",\"isPartOf\":{\"@id\":\"https:\\\/\\\/chronik.berliner-verkehr.de\\\/?p=6714\"},\"author\":{\"name\":\"ralfbj70\",\"@id\":\"https:\\\/\\\/chronik.berliner-verkehr.de\\\/#\\\/schema\\\/person\\\/0aafc2c308e915dc30d0c77868efda48\"},\"headline\":\"1985-03-15 Post + Fernmeldewesen: Vereinbarungen \u00fcber die Verlegung eines 211 Kilometer langen Glasfaserkabels mit einer Kapazit\u00e4t von 30000 Fernsprechkan\u00e4len bis zum 30. Juni 1987 zwischen Uelzen und West-Berlin und die Errichtung einer digitalen Richtfunkstrecke\",\"datePublished\":\"1985-03-15T21:34:51+00:00\",\"dateModified\":\"2021-08-20T20:35:03+00:00\",\"mainEntityOfPage\":{\"@id\":\"https:\\\/\\\/chronik.berliner-verkehr.de\\\/?p=6714\"},\"wordCount\":174,\"articleSection\":[\"Post+Fernmeldewesen\"],\"inLanguage\":\"de\"},{\"@type\":\"WebPage\",\"@id\":\"https:\\\/\\\/chronik.berliner-verkehr.de\\\/?p=6714\",\"url\":\"https:\\\/\\\/chronik.berliner-verkehr.de\\\/?p=6714\",\"name\":\"1985-03-15 Post + Fernmeldewesen: Vereinbarungen \u00fcber die Verlegung eines 211 Kilometer langen Glasfaserkabels mit einer Kapazit\u00e4t von 30000 Fernsprechkan\u00e4len bis zum 30. Juni 1987 zwischen Uelzen und West-Berlin und die Errichtung einer digitalen Richtfunkstrecke - Chronik Berlin\",\"isPartOf\":{\"@id\":\"https:\\\/\\\/chronik.berliner-verkehr.de\\\/#website\"},\"datePublished\":\"1985-03-15T21:34:51+00:00\",\"dateModified\":\"2021-08-20T20:35:03+00:00\",\"author\":{\"@id\":\"https:\\\/\\\/chronik.berliner-verkehr.de\\\/#\\\/schema\\\/person\\\/0aafc2c308e915dc30d0c77868efda48\"},\"breadcrumb\":{\"@id\":\"https:\\\/\\\/chronik.berliner-verkehr.de\\\/?p=6714#breadcrumb\"},\"inLanguage\":\"de\",\"potentialAction\":[{\"@type\":\"ReadAction\",\"target\":[\"https:\\\/\\\/chronik.berliner-verkehr.de\\\/?p=6714\"]}]},{\"@type\":\"BreadcrumbList\",\"@id\":\"https:\\\/\\\/chronik.berliner-verkehr.de\\\/?p=6714#breadcrumb\",\"itemListElement\":[{\"@type\":\"ListItem\",\"position\":1,\"name\":\"Startseite\",\"item\":\"https:\\\/\\\/chronik.berliner-verkehr.de\\\/\"},{\"@type\":\"ListItem\",\"position\":2,\"name\":\"1985-03-15 Post + Fernmeldewesen: Vereinbarungen \u00fcber die Verlegung eines 211 Kilometer langen Glasfaserkabels mit einer Kapazit\u00e4t von 30000 Fernsprechkan\u00e4len bis zum 30. Juni 1987 zwischen Uelzen und West-Berlin und die Errichtung einer digitalen Richtfunkstrecke\"}]},{\"@type\":\"WebSite\",\"@id\":\"https:\\\/\\\/chronik.berliner-verkehr.de\\\/#website\",\"url\":\"https:\\\/\\\/chronik.berliner-verkehr.de\\\/\",\"name\":\"Chronik Berlin\",\"description\":\"Chronik von Berlin:Verkehr\",\"potentialAction\":[{\"@type\":\"SearchAction\",\"target\":{\"@type\":\"EntryPoint\",\"urlTemplate\":\"https:\\\/\\\/chronik.berliner-verkehr.de\\\/?s={search_term_string}\"},\"query-input\":{\"@type\":\"PropertyValueSpecification\",\"valueRequired\":true,\"valueName\":\"search_term_string\"}}],\"inLanguage\":\"de\"},{\"@type\":\"Person\",\"@id\":\"https:\\\/\\\/chronik.berliner-verkehr.de\\\/#\\\/schema\\\/person\\\/0aafc2c308e915dc30d0c77868efda48\",\"name\":\"ralfbj70\",\"image\":{\"@type\":\"ImageObject\",\"inLanguage\":\"de\",\"@id\":\"https:\\\/\\\/secure.gravatar.com\\\/avatar\\\/ea0988e51fb7b4df6a45e2826bf423f784b45c1f3c7d412d22f1551a136ffc12?s=96&d=mm&r=g\",\"url\":\"https:\\\/\\\/secure.gravatar.com\\\/avatar\\\/ea0988e51fb7b4df6a45e2826bf423f784b45c1f3c7d412d22f1551a136ffc12?s=96&d=mm&r=g\",\"contentUrl\":\"https:\\\/\\\/secure.gravatar.com\\\/avatar\\\/ea0988e51fb7b4df6a45e2826bf423f784b45c1f3c7d412d22f1551a136ffc12?s=96&d=mm&r=g\",\"caption\":\"ralfbj70\"},\"url\":\"https:\\\/\\\/chronik.berliner-verkehr.de\\\/?author=1\"}]}<\/script>\n<!-- \/ Yoast SEO plugin. -->","yoast_head_json":{"title":"1985-03-15 Post + Fernmeldewesen: Vereinbarungen \u00fcber die Verlegung eines 211 Kilometer langen Glasfaserkabels mit einer Kapazit\u00e4t von 30000 Fernsprechkan\u00e4len bis zum 30. Juni 1987 zwischen Uelzen und West-Berlin und die Errichtung einer digitalen Richtfunkstrecke - Chronik Berlin","robots":{"index":"index","follow":"follow","max-snippet":"max-snippet:-1","max-image-preview":"max-image-preview:large","max-video-preview":"max-video-preview:-1"},"canonical":"https:\/\/chronik.berliner-verkehr.de\/?p=6714","og_locale":"de_DE","og_type":"article","og_title":"1985-03-15 Post + Fernmeldewesen: Vereinbarungen \u00fcber die Verlegung eines 211 Kilometer langen Glasfaserkabels mit einer Kapazit\u00e4t von 30000 Fernsprechkan\u00e4len bis zum 30. Juni 1987 zwischen Uelzen und West-Berlin und die Errichtung einer digitalen Richtfunkstrecke - Chronik Berlin","og_description":"Vertreter des Bundespostministeriums und des DDR-Ministeriums f\u00fcr Post- und Fernmeldewesen unterzeichnen in Bonn zwei Vereinbarungen \u00fcber die Verlegung eines 211 Kilometer langen Glasfaserkabels mit einer Kapazit\u00e4t von 30000 Fernsprechkan\u00e4len bis zum 30. Juni 1987 zwischen Uelzen und West-Berlin und die Errichtung einer digitalen Richtfunkstrecke von Gartow in Niedersachsen \u00fcber drei Fernmeldet\u00fcrme in der DDR bis &hellip; \u201e1985-03-15 Post + Fernmeldewesen: Vereinbarungen \u00fcber die Verlegung eines 211 Kilometer langen Glasfaserkabels mit einer Kapazit\u00e4t von 30000 Fernsprechkan\u00e4len bis zum 30. Juni 1987 zwischen Uelzen und West-Berlin und die Errichtung einer digitalen Richtfunkstrecke\u201c weiterlesen","og_url":"https:\/\/chronik.berliner-verkehr.de\/?p=6714","og_site_name":"Chronik Berlin","article_published_time":"1985-03-15T21:34:51+00:00","article_modified_time":"2021-08-20T20:35:03+00:00","author":"ralfbj70","twitter_card":"summary_large_image","twitter_misc":{"Verfasst von":"ralfbj70","Gesch\u00e4tzte Lesezeit":"1\u00a0Minute"},"schema":{"@context":"https:\/\/schema.org","@graph":[{"@type":"Article","@id":"https:\/\/chronik.berliner-verkehr.de\/?p=6714#article","isPartOf":{"@id":"https:\/\/chronik.berliner-verkehr.de\/?p=6714"},"author":{"name":"ralfbj70","@id":"https:\/\/chronik.berliner-verkehr.de\/#\/schema\/person\/0aafc2c308e915dc30d0c77868efda48"},"headline":"1985-03-15 Post + Fernmeldewesen: Vereinbarungen \u00fcber die Verlegung eines 211 Kilometer langen Glasfaserkabels mit einer Kapazit\u00e4t von 30000 Fernsprechkan\u00e4len bis zum 30. Juni 1987 zwischen Uelzen und West-Berlin und die Errichtung einer digitalen Richtfunkstrecke","datePublished":"1985-03-15T21:34:51+00:00","dateModified":"2021-08-20T20:35:03+00:00","mainEntityOfPage":{"@id":"https:\/\/chronik.berliner-verkehr.de\/?p=6714"},"wordCount":174,"articleSection":["Post+Fernmeldewesen"],"inLanguage":"de"},{"@type":"WebPage","@id":"https:\/\/chronik.berliner-verkehr.de\/?p=6714","url":"https:\/\/chronik.berliner-verkehr.de\/?p=6714","name":"1985-03-15 Post + Fernmeldewesen: Vereinbarungen \u00fcber die Verlegung eines 211 Kilometer langen Glasfaserkabels mit einer Kapazit\u00e4t von 30000 Fernsprechkan\u00e4len bis zum 30. Juni 1987 zwischen Uelzen und West-Berlin und die Errichtung einer digitalen Richtfunkstrecke - Chronik Berlin","isPartOf":{"@id":"https:\/\/chronik.berliner-verkehr.de\/#website"},"datePublished":"1985-03-15T21:34:51+00:00","dateModified":"2021-08-20T20:35:03+00:00","author":{"@id":"https:\/\/chronik.berliner-verkehr.de\/#\/schema\/person\/0aafc2c308e915dc30d0c77868efda48"},"breadcrumb":{"@id":"https:\/\/chronik.berliner-verkehr.de\/?p=6714#breadcrumb"},"inLanguage":"de","potentialAction":[{"@type":"ReadAction","target":["https:\/\/chronik.berliner-verkehr.de\/?p=6714"]}]},{"@type":"BreadcrumbList","@id":"https:\/\/chronik.berliner-verkehr.de\/?p=6714#breadcrumb","itemListElement":[{"@type":"ListItem","position":1,"name":"Startseite","item":"https:\/\/chronik.berliner-verkehr.de\/"},{"@type":"ListItem","position":2,"name":"1985-03-15 Post + Fernmeldewesen: Vereinbarungen \u00fcber die Verlegung eines 211 Kilometer langen Glasfaserkabels mit einer Kapazit\u00e4t von 30000 Fernsprechkan\u00e4len bis zum 30. Juni 1987 zwischen Uelzen und West-Berlin und die Errichtung einer digitalen Richtfunkstrecke"}]},{"@type":"WebSite","@id":"https:\/\/chronik.berliner-verkehr.de\/#website","url":"https:\/\/chronik.berliner-verkehr.de\/","name":"Chronik Berlin","description":"Chronik von Berlin:Verkehr","potentialAction":[{"@type":"SearchAction","target":{"@type":"EntryPoint","urlTemplate":"https:\/\/chronik.berliner-verkehr.de\/?s={search_term_string}"},"query-input":{"@type":"PropertyValueSpecification","valueRequired":true,"valueName":"search_term_string"}}],"inLanguage":"de"},{"@type":"Person","@id":"https:\/\/chronik.berliner-verkehr.de\/#\/schema\/person\/0aafc2c308e915dc30d0c77868efda48","name":"ralfbj70","image":{"@type":"ImageObject","inLanguage":"de","@id":"https:\/\/secure.gravatar.com\/avatar\/ea0988e51fb7b4df6a45e2826bf423f784b45c1f3c7d412d22f1551a136ffc12?s=96&d=mm&r=g","url":"https:\/\/secure.gravatar.com\/avatar\/ea0988e51fb7b4df6a45e2826bf423f784b45c1f3c7d412d22f1551a136ffc12?s=96&d=mm&r=g","contentUrl":"https:\/\/secure.gravatar.com\/avatar\/ea0988e51fb7b4df6a45e2826bf423f784b45c1f3c7d412d22f1551a136ffc12?s=96&d=mm&r=g","caption":"ralfbj70"},"url":"https:\/\/chronik.berliner-verkehr.de\/?author=1"}]}},"_links":{"self":[{"href":"https:\/\/chronik.berliner-verkehr.de\/index.php?rest_route=\/wp\/v2\/posts\/6714","targetHints":{"allow":["GET"]}}],"collection":[{"href":"https:\/\/chronik.berliner-verkehr.de\/index.php?rest_route=\/wp\/v2\/posts"}],"about":[{"href":"https:\/\/chronik.berliner-verkehr.de\/index.php?rest_route=\/wp\/v2\/types\/post"}],"author":[{"embeddable":true,"href":"https:\/\/chronik.berliner-verkehr.de\/index.php?rest_route=\/wp\/v2\/users\/1"}],"replies":[{"embeddable":true,"href":"https:\/\/chronik.berliner-verkehr.de\/index.php?rest_route=%2Fwp%2Fv2%2Fcomments&post=6714"}],"version-history":[{"count":2,"href":"https:\/\/chronik.berliner-verkehr.de\/index.php?rest_route=\/wp\/v2\/posts\/6714\/revisions"}],"predecessor-version":[{"id":6716,"href":"https:\/\/chronik.berliner-verkehr.de\/index.php?rest_route=\/wp\/v2\/posts\/6714\/revisions\/6716"}],"wp:attachment":[{"href":"https:\/\/chronik.berliner-verkehr.de\/index.php?rest_route=%2Fwp%2Fv2%2Fmedia&parent=6714"}],"curies":[{"name":"wp","href":"https:\/\/api.w.org\/{rel}","templated":true}]}}