{"id":6948,"date":"1988-05-02T10:49:36","date_gmt":"1988-05-02T08:49:36","guid":{"rendered":"https:\/\/chronik.berliner-verkehr.de\/?p=6948"},"modified":"2021-08-21T10:49:46","modified_gmt":"2021-08-21T08:49:46","slug":"1988-05-02-schifffahrt-neue-faehre-in-tegel","status":"publish","type":"post","link":"https:\/\/chronik.berliner-verkehr.de\/?p=6948","title":{"rendered":"1988-05-02 Schifffahrt: neue F\u00e4hre in Tegel"},"content":{"rendered":"\n<p>Wegen einer Grundinstandsetzung mu\u00df die &#8222;Sechserbr\u00fccke&#8220; (Fu\u00dfg\u00e4ngerbr\u00fccke \u00fcber den Tegeler Hafen) zwischen Greenwich-Promenade und Gabrielenstra\u00dfe f\u00fcr etwa sechs Monate gesperrt werden. Aus diesem Grund ist am 2.5.1988 ein kostenloser F\u00e4hrbetrieb eingerichtet worden (Mo-Sa 7.30 &#8211; 17.30 Uhr, So 10-18 Uhr). Eingesetzt wird das F\u00e4hrboot &#8222;Odin II&#8220; (35 PS).<\/p>\n\n\n\n<p>Ts-27.4.88\/BZW-3.5.88\/wk<\/p>\n\n\n\n<p>(Quelle: BVB 06\/1988)<\/p>\n","protected":false},"excerpt":{"rendered":"<p>Wegen einer Grundinstandsetzung mu\u00df die &#8222;Sechserbr\u00fccke&#8220; (Fu\u00dfg\u00e4ngerbr\u00fccke \u00fcber den Tegeler Hafen) zwischen Greenwich-Promenade und Gabrielenstra\u00dfe f\u00fcr etwa sechs Monate gesperrt werden. Aus diesem Grund ist am 2.5.1988 ein kostenloser F\u00e4hrbetrieb eingerichtet worden (Mo-Sa 7.30 &#8211; 17.30 Uhr, So 10-18 Uhr). Eingesetzt wird das F\u00e4hrboot &#8222;Odin II&#8220; (35 PS). Ts-27.4.88\/BZW-3.5.88\/wk (Quelle: BVB 06\/1988)<\/p>\n","protected":false},"author":1,"featured_media":0,"comment_status":"closed","ping_status":"open","sticky":false,"template":"","format":"standard","meta":{"footnotes":""},"class_list":["post-6948","post","type-post","status-publish","format-standard","hentry","category-erste-fahrt","category-schifffahrt","category-strassenverkehr-infrastruktur"],"yoast_head":"<!-- This site is optimized with the Yoast SEO plugin v27.4 - https:\/\/yoast.com\/product\/yoast-seo-wordpress\/ -->\n<title>1988-05-02 Schifffahrt: neue F\u00e4hre in Tegel - Chronik Berlin<\/title>\n<meta name=\"robots\" content=\"index, follow, max-snippet:-1, max-image-preview:large, max-video-preview:-1\" \/>\n<link rel=\"canonical\" href=\"https:\/\/chronik.berliner-verkehr.de\/?p=6948\" \/>\n<meta property=\"og:locale\" content=\"de_DE\" \/>\n<meta property=\"og:type\" content=\"article\" \/>\n<meta property=\"og:title\" content=\"1988-05-02 Schifffahrt: neue F\u00e4hre in Tegel - Chronik Berlin\" \/>\n<meta property=\"og:description\" content=\"Wegen einer Grundinstandsetzung mu\u00df die &#8222;Sechserbr\u00fccke&#8220; (Fu\u00dfg\u00e4ngerbr\u00fccke \u00fcber den Tegeler Hafen) zwischen Greenwich-Promenade und Gabrielenstra\u00dfe f\u00fcr etwa sechs Monate gesperrt werden. Aus diesem Grund ist am 2.5.1988 ein kostenloser F\u00e4hrbetrieb eingerichtet worden (Mo-Sa 7.30 &#8211; 17.30 Uhr, So 10-18 Uhr). Eingesetzt wird das F\u00e4hrboot &#8222;Odin II&#8220; (35 PS). Ts-27.4.88\/BZW-3.5.88\/wk (Quelle: BVB 06\/1988)\" \/>\n<meta property=\"og:url\" content=\"https:\/\/chronik.berliner-verkehr.de\/?p=6948\" \/>\n<meta property=\"og:site_name\" content=\"Chronik Berlin\" \/>\n<meta property=\"article:published_time\" content=\"1988-05-02T08:49:36+00:00\" \/>\n<meta property=\"article:modified_time\" content=\"2021-08-21T08:49:46+00:00\" \/>\n<meta name=\"author\" content=\"ralfbj70\" \/>\n<meta name=\"twitter:card\" content=\"summary_large_image\" \/>\n<meta name=\"twitter:label1\" content=\"Verfasst von\" \/>\n\t<meta name=\"twitter:data1\" content=\"ralfbj70\" \/>\n<script type=\"application\/ld+json\" class=\"yoast-schema-graph\">{\"@context\":\"https:\\\/\\\/schema.org\",\"@graph\":[{\"@type\":\"Article\",\"@id\":\"https:\\\/\\\/chronik.berliner-verkehr.de\\\/?p=6948#article\",\"isPartOf\":{\"@id\":\"https:\\\/\\\/chronik.berliner-verkehr.de\\\/?p=6948\"},\"author\":{\"name\":\"ralfbj70\",\"@id\":\"https:\\\/\\\/chronik.berliner-verkehr.de\\\/#\\\/schema\\\/person\\\/0aafc2c308e915dc30d0c77868efda48\"},\"headline\":\"1988-05-02 Schifffahrt: neue F\u00e4hre in Tegel\",\"datePublished\":\"1988-05-02T08:49:36+00:00\",\"dateModified\":\"2021-08-21T08:49:46+00:00\",\"mainEntityOfPage\":{\"@id\":\"https:\\\/\\\/chronik.berliner-verkehr.de\\\/?p=6948\"},\"wordCount\":65,\"articleSection\":[\"erste Fahrt\",\"Schifffahrt\",\"Stra\u00dfenverkehr\"],\"inLanguage\":\"de\"},{\"@type\":\"WebPage\",\"@id\":\"https:\\\/\\\/chronik.berliner-verkehr.de\\\/?p=6948\",\"url\":\"https:\\\/\\\/chronik.berliner-verkehr.de\\\/?p=6948\",\"name\":\"1988-05-02 Schifffahrt: neue F\u00e4hre in Tegel - Chronik Berlin\",\"isPartOf\":{\"@id\":\"https:\\\/\\\/chronik.berliner-verkehr.de\\\/#website\"},\"datePublished\":\"1988-05-02T08:49:36+00:00\",\"dateModified\":\"2021-08-21T08:49:46+00:00\",\"author\":{\"@id\":\"https:\\\/\\\/chronik.berliner-verkehr.de\\\/#\\\/schema\\\/person\\\/0aafc2c308e915dc30d0c77868efda48\"},\"breadcrumb\":{\"@id\":\"https:\\\/\\\/chronik.berliner-verkehr.de\\\/?p=6948#breadcrumb\"},\"inLanguage\":\"de\",\"potentialAction\":[{\"@type\":\"ReadAction\",\"target\":[\"https:\\\/\\\/chronik.berliner-verkehr.de\\\/?p=6948\"]}]},{\"@type\":\"BreadcrumbList\",\"@id\":\"https:\\\/\\\/chronik.berliner-verkehr.de\\\/?p=6948#breadcrumb\",\"itemListElement\":[{\"@type\":\"ListItem\",\"position\":1,\"name\":\"Startseite\",\"item\":\"https:\\\/\\\/chronik.berliner-verkehr.de\\\/\"},{\"@type\":\"ListItem\",\"position\":2,\"name\":\"1988-05-02 Schifffahrt: neue F\u00e4hre in Tegel\"}]},{\"@type\":\"WebSite\",\"@id\":\"https:\\\/\\\/chronik.berliner-verkehr.de\\\/#website\",\"url\":\"https:\\\/\\\/chronik.berliner-verkehr.de\\\/\",\"name\":\"Chronik Berlin\",\"description\":\"Chronik von Berlin:Verkehr\",\"potentialAction\":[{\"@type\":\"SearchAction\",\"target\":{\"@type\":\"EntryPoint\",\"urlTemplate\":\"https:\\\/\\\/chronik.berliner-verkehr.de\\\/?s={search_term_string}\"},\"query-input\":{\"@type\":\"PropertyValueSpecification\",\"valueRequired\":true,\"valueName\":\"search_term_string\"}}],\"inLanguage\":\"de\"},{\"@type\":\"Person\",\"@id\":\"https:\\\/\\\/chronik.berliner-verkehr.de\\\/#\\\/schema\\\/person\\\/0aafc2c308e915dc30d0c77868efda48\",\"name\":\"ralfbj70\",\"image\":{\"@type\":\"ImageObject\",\"inLanguage\":\"de\",\"@id\":\"https:\\\/\\\/secure.gravatar.com\\\/avatar\\\/ea0988e51fb7b4df6a45e2826bf423f784b45c1f3c7d412d22f1551a136ffc12?s=96&d=mm&r=g\",\"url\":\"https:\\\/\\\/secure.gravatar.com\\\/avatar\\\/ea0988e51fb7b4df6a45e2826bf423f784b45c1f3c7d412d22f1551a136ffc12?s=96&d=mm&r=g\",\"contentUrl\":\"https:\\\/\\\/secure.gravatar.com\\\/avatar\\\/ea0988e51fb7b4df6a45e2826bf423f784b45c1f3c7d412d22f1551a136ffc12?s=96&d=mm&r=g\",\"caption\":\"ralfbj70\"},\"url\":\"https:\\\/\\\/chronik.berliner-verkehr.de\\\/?author=1\"}]}<\/script>\n<!-- \/ Yoast SEO plugin. -->","yoast_head_json":{"title":"1988-05-02 Schifffahrt: neue F\u00e4hre in Tegel - Chronik Berlin","robots":{"index":"index","follow":"follow","max-snippet":"max-snippet:-1","max-image-preview":"max-image-preview:large","max-video-preview":"max-video-preview:-1"},"canonical":"https:\/\/chronik.berliner-verkehr.de\/?p=6948","og_locale":"de_DE","og_type":"article","og_title":"1988-05-02 Schifffahrt: neue F\u00e4hre in Tegel - Chronik Berlin","og_description":"Wegen einer Grundinstandsetzung mu\u00df die &#8222;Sechserbr\u00fccke&#8220; (Fu\u00dfg\u00e4ngerbr\u00fccke \u00fcber den Tegeler Hafen) zwischen Greenwich-Promenade und Gabrielenstra\u00dfe f\u00fcr etwa sechs Monate gesperrt werden. Aus diesem Grund ist am 2.5.1988 ein kostenloser F\u00e4hrbetrieb eingerichtet worden (Mo-Sa 7.30 &#8211; 17.30 Uhr, So 10-18 Uhr). Eingesetzt wird das F\u00e4hrboot &#8222;Odin II&#8220; (35 PS). Ts-27.4.88\/BZW-3.5.88\/wk (Quelle: BVB 06\/1988)","og_url":"https:\/\/chronik.berliner-verkehr.de\/?p=6948","og_site_name":"Chronik Berlin","article_published_time":"1988-05-02T08:49:36+00:00","article_modified_time":"2021-08-21T08:49:46+00:00","author":"ralfbj70","twitter_card":"summary_large_image","twitter_misc":{"Verfasst von":"ralfbj70"},"schema":{"@context":"https:\/\/schema.org","@graph":[{"@type":"Article","@id":"https:\/\/chronik.berliner-verkehr.de\/?p=6948#article","isPartOf":{"@id":"https:\/\/chronik.berliner-verkehr.de\/?p=6948"},"author":{"name":"ralfbj70","@id":"https:\/\/chronik.berliner-verkehr.de\/#\/schema\/person\/0aafc2c308e915dc30d0c77868efda48"},"headline":"1988-05-02 Schifffahrt: neue F\u00e4hre in Tegel","datePublished":"1988-05-02T08:49:36+00:00","dateModified":"2021-08-21T08:49:46+00:00","mainEntityOfPage":{"@id":"https:\/\/chronik.berliner-verkehr.de\/?p=6948"},"wordCount":65,"articleSection":["erste Fahrt","Schifffahrt","Stra\u00dfenverkehr"],"inLanguage":"de"},{"@type":"WebPage","@id":"https:\/\/chronik.berliner-verkehr.de\/?p=6948","url":"https:\/\/chronik.berliner-verkehr.de\/?p=6948","name":"1988-05-02 Schifffahrt: neue F\u00e4hre in Tegel - Chronik Berlin","isPartOf":{"@id":"https:\/\/chronik.berliner-verkehr.de\/#website"},"datePublished":"1988-05-02T08:49:36+00:00","dateModified":"2021-08-21T08:49:46+00:00","author":{"@id":"https:\/\/chronik.berliner-verkehr.de\/#\/schema\/person\/0aafc2c308e915dc30d0c77868efda48"},"breadcrumb":{"@id":"https:\/\/chronik.berliner-verkehr.de\/?p=6948#breadcrumb"},"inLanguage":"de","potentialAction":[{"@type":"ReadAction","target":["https:\/\/chronik.berliner-verkehr.de\/?p=6948"]}]},{"@type":"BreadcrumbList","@id":"https:\/\/chronik.berliner-verkehr.de\/?p=6948#breadcrumb","itemListElement":[{"@type":"ListItem","position":1,"name":"Startseite","item":"https:\/\/chronik.berliner-verkehr.de\/"},{"@type":"ListItem","position":2,"name":"1988-05-02 Schifffahrt: neue F\u00e4hre in Tegel"}]},{"@type":"WebSite","@id":"https:\/\/chronik.berliner-verkehr.de\/#website","url":"https:\/\/chronik.berliner-verkehr.de\/","name":"Chronik Berlin","description":"Chronik von Berlin:Verkehr","potentialAction":[{"@type":"SearchAction","target":{"@type":"EntryPoint","urlTemplate":"https:\/\/chronik.berliner-verkehr.de\/?s={search_term_string}"},"query-input":{"@type":"PropertyValueSpecification","valueRequired":true,"valueName":"search_term_string"}}],"inLanguage":"de"},{"@type":"Person","@id":"https:\/\/chronik.berliner-verkehr.de\/#\/schema\/person\/0aafc2c308e915dc30d0c77868efda48","name":"ralfbj70","image":{"@type":"ImageObject","inLanguage":"de","@id":"https:\/\/secure.gravatar.com\/avatar\/ea0988e51fb7b4df6a45e2826bf423f784b45c1f3c7d412d22f1551a136ffc12?s=96&d=mm&r=g","url":"https:\/\/secure.gravatar.com\/avatar\/ea0988e51fb7b4df6a45e2826bf423f784b45c1f3c7d412d22f1551a136ffc12?s=96&d=mm&r=g","contentUrl":"https:\/\/secure.gravatar.com\/avatar\/ea0988e51fb7b4df6a45e2826bf423f784b45c1f3c7d412d22f1551a136ffc12?s=96&d=mm&r=g","caption":"ralfbj70"},"url":"https:\/\/chronik.berliner-verkehr.de\/?author=1"}]}},"_links":{"self":[{"href":"https:\/\/chronik.berliner-verkehr.de\/index.php?rest_route=\/wp\/v2\/posts\/6948","targetHints":{"allow":["GET"]}}],"collection":[{"href":"https:\/\/chronik.berliner-verkehr.de\/index.php?rest_route=\/wp\/v2\/posts"}],"about":[{"href":"https:\/\/chronik.berliner-verkehr.de\/index.php?rest_route=\/wp\/v2\/types\/post"}],"author":[{"embeddable":true,"href":"https:\/\/chronik.berliner-verkehr.de\/index.php?rest_route=\/wp\/v2\/users\/1"}],"replies":[{"embeddable":true,"href":"https:\/\/chronik.berliner-verkehr.de\/index.php?rest_route=%2Fwp%2Fv2%2Fcomments&post=6948"}],"version-history":[{"count":1,"href":"https:\/\/chronik.berliner-verkehr.de\/index.php?rest_route=\/wp\/v2\/posts\/6948\/revisions"}],"predecessor-version":[{"id":6949,"href":"https:\/\/chronik.berliner-verkehr.de\/index.php?rest_route=\/wp\/v2\/posts\/6948\/revisions\/6949"}],"wp:attachment":[{"href":"https:\/\/chronik.berliner-verkehr.de\/index.php?rest_route=%2Fwp%2Fv2%2Fmedia&parent=6948"}],"curies":[{"name":"wp","href":"https:\/\/api.w.org\/{rel}","templated":true}]}}