{"id":7198,"date":"1993-06-14T21:23:26","date_gmt":"1993-06-14T19:23:26","guid":{"rendered":"https:\/\/chronik.berliner-verkehr.de\/?p=7198"},"modified":"2022-01-07T21:23:40","modified_gmt":"2022-01-07T20:23:40","slug":"1993-06-14-s-bahn-inbetriebnahme-elektronisches-stellwerk-wannsee-s-bahn","status":"publish","type":"post","link":"https:\/\/chronik.berliner-verkehr.de\/?p=7198","title":{"rendered":"1993-06-14 S-Bahn: Inbetriebnahme elektronisches Stellwerk Wannsee S-Bahn"},"content":{"rendered":"\n<p>Am 14.6.1993 erfolgte die Inbetriebnahme des elektronischen Stellwerkes Wannsee f\u00fcr die S-Bahn, zun\u00e4chst f\u00fcr den Abschnitt Nikolassee &#8211; Potsdam. Am 15.6. wurde auch das S-Bw Wannsee angeschlossen. Wie schon im Vormonat auf dem Abschnitt Friedrichstra\u00dfe Westkreuz mu\u00dfte auch jetzt w\u00e4hrend der Umstellungsarbeiten der S-Bahn-Be trieb stark eingeschr\u00e4nkt werden. So fuhren beispielsweise vom 9. bis 11. Juni zwischen Wannsee und Potsdam Stadt nur Busse im Ersatzverkehr.<\/p>\n\n\n\n<p>Im Zuge der Bauarbeiten wurde der etwa ein Kilometer lange zweigleisige Abschnitt zwischen dem Bf. Griebnitzsee und der Br\u00fccke \u00fcber die B\u00e4kestra\u00dfe in Betrieb genommen. Weil das Ausfahrsignal nach Berlin Zur Fahrzeitgewinnung etwa 600 m hinter dem Bahnsteigende in Richtung Wannsee steht, wurde auf dem S-Bahnsteig des Bf. Griebnitzsee ein sogenannter Fahrtanzeiger der DB-Bauform erstmalig bei der Berliner S-Bahn aufgestellt. (s.Abb.). Wenn sich das Ausfahrsignal in Fahrtstellung befindet, leuchtet ein nach rechts ansteigender, wei\u00dfer Lichtstreifen auf. Eine \u00e4hnliche Einrichtung in Form eines wei\u00dfen Lichtes ist am Dienstraum des S-Bahnhofs Tiergarten seit Jahrzehnten vorhanden, weil das Ausfahrsignal vom Bahnsteig aus ebenfalls nicht sichtbar ist. Au\u00dferdem werden seit dem 13.6.1993 nun beide Gleise des S-Bf. Babelsberg befahren.<\/p>\n\n\n\n<p>Am 23.6. haben Probefahrten mit zus\u00e4tzlichen Z\u00fcgen ohne Fahrg\u00e4ste zur Vorbereitung des 10-Minuten-Betriebes stattgefunden. Dieser wurde am 26.6.1993 aufgenommen, indem die Linie S3 (ehemalige Zuggruppe F) von Friedrichstra\u00dfe nach Potsdam Stadt verl\u00e4ngert wurde.<\/p>\n\n\n\n<p>(Quelle: BVB 8\/93)<\/p>\n","protected":false},"excerpt":{"rendered":"<p>Am 14.6.1993 erfolgte die Inbetriebnahme des elektronischen Stellwerkes Wannsee f\u00fcr die S-Bahn, zun\u00e4chst f\u00fcr den Abschnitt Nikolassee &#8211; Potsdam. Am 15.6. wurde auch das S-Bw Wannsee angeschlossen. Wie schon im Vormonat auf dem Abschnitt Friedrichstra\u00dfe Westkreuz mu\u00dfte auch jetzt w\u00e4hrend der Umstellungsarbeiten der S-Bahn-Be trieb stark eingeschr\u00e4nkt werden. So fuhren beispielsweise vom 9. bis 11. &hellip; <a href=\"https:\/\/chronik.berliner-verkehr.de\/?p=7198\" class=\"more-link\"><span class=\"screen-reader-text\">\u201e1993-06-14 S-Bahn: Inbetriebnahme elektronisches Stellwerk Wannsee S-Bahn\u201c <\/span>weiterlesen<\/a><\/p>\n","protected":false},"author":1,"featured_media":0,"comment_status":"closed","ping_status":"open","sticky":false,"template":"","format":"standard","meta":{"footnotes":""},"class_list":["post-7198","post","type-post","status-publish","format-standard","hentry","category-s-bahn","category-strecken"],"yoast_head":"<!-- This site is optimized with the Yoast SEO plugin v27.4 - https:\/\/yoast.com\/product\/yoast-seo-wordpress\/ -->\n<title>1993-06-14 S-Bahn: Inbetriebnahme elektronisches Stellwerk Wannsee S-Bahn - Chronik Berlin<\/title>\n<meta name=\"robots\" content=\"index, follow, max-snippet:-1, max-image-preview:large, max-video-preview:-1\" \/>\n<link rel=\"canonical\" href=\"https:\/\/chronik.berliner-verkehr.de\/?p=7198\" \/>\n<meta property=\"og:locale\" content=\"de_DE\" \/>\n<meta property=\"og:type\" content=\"article\" \/>\n<meta property=\"og:title\" content=\"1993-06-14 S-Bahn: Inbetriebnahme elektronisches Stellwerk Wannsee S-Bahn - Chronik Berlin\" \/>\n<meta property=\"og:description\" content=\"Am 14.6.1993 erfolgte die Inbetriebnahme des elektronischen Stellwerkes Wannsee f\u00fcr die S-Bahn, zun\u00e4chst f\u00fcr den Abschnitt Nikolassee &#8211; Potsdam. Am 15.6. wurde auch das S-Bw Wannsee angeschlossen. Wie schon im Vormonat auf dem Abschnitt Friedrichstra\u00dfe Westkreuz mu\u00dfte auch jetzt w\u00e4hrend der Umstellungsarbeiten der S-Bahn-Be trieb stark eingeschr\u00e4nkt werden. So fuhren beispielsweise vom 9. bis 11. &hellip; \u201e1993-06-14 S-Bahn: Inbetriebnahme elektronisches Stellwerk Wannsee S-Bahn\u201c weiterlesen\" \/>\n<meta property=\"og:url\" content=\"https:\/\/chronik.berliner-verkehr.de\/?p=7198\" \/>\n<meta property=\"og:site_name\" content=\"Chronik Berlin\" \/>\n<meta property=\"article:published_time\" content=\"1993-06-14T19:23:26+00:00\" \/>\n<meta property=\"article:modified_time\" content=\"2022-01-07T20:23:40+00:00\" \/>\n<meta name=\"author\" content=\"ralfbj70\" \/>\n<meta name=\"twitter:card\" content=\"summary_large_image\" \/>\n<meta name=\"twitter:label1\" content=\"Verfasst von\" \/>\n\t<meta name=\"twitter:data1\" content=\"ralfbj70\" \/>\n\t<meta name=\"twitter:label2\" content=\"Gesch\u00e4tzte Lesezeit\" \/>\n\t<meta name=\"twitter:data2\" content=\"1\u00a0Minute\" \/>\n<script type=\"application\/ld+json\" class=\"yoast-schema-graph\">{\"@context\":\"https:\\\/\\\/schema.org\",\"@graph\":[{\"@type\":\"Article\",\"@id\":\"https:\\\/\\\/chronik.berliner-verkehr.de\\\/?p=7198#article\",\"isPartOf\":{\"@id\":\"https:\\\/\\\/chronik.berliner-verkehr.de\\\/?p=7198\"},\"author\":{\"name\":\"ralfbj70\",\"@id\":\"https:\\\/\\\/chronik.berliner-verkehr.de\\\/#\\\/schema\\\/person\\\/0aafc2c308e915dc30d0c77868efda48\"},\"headline\":\"1993-06-14 S-Bahn: Inbetriebnahme elektronisches Stellwerk Wannsee S-Bahn\",\"datePublished\":\"1993-06-14T19:23:26+00:00\",\"dateModified\":\"2022-01-07T20:23:40+00:00\",\"mainEntityOfPage\":{\"@id\":\"https:\\\/\\\/chronik.berliner-verkehr.de\\\/?p=7198\"},\"wordCount\":234,\"articleSection\":[\"S-Bahn\",\"Strecken\"],\"inLanguage\":\"de\"},{\"@type\":\"WebPage\",\"@id\":\"https:\\\/\\\/chronik.berliner-verkehr.de\\\/?p=7198\",\"url\":\"https:\\\/\\\/chronik.berliner-verkehr.de\\\/?p=7198\",\"name\":\"1993-06-14 S-Bahn: Inbetriebnahme elektronisches Stellwerk Wannsee S-Bahn - Chronik Berlin\",\"isPartOf\":{\"@id\":\"https:\\\/\\\/chronik.berliner-verkehr.de\\\/#website\"},\"datePublished\":\"1993-06-14T19:23:26+00:00\",\"dateModified\":\"2022-01-07T20:23:40+00:00\",\"author\":{\"@id\":\"https:\\\/\\\/chronik.berliner-verkehr.de\\\/#\\\/schema\\\/person\\\/0aafc2c308e915dc30d0c77868efda48\"},\"breadcrumb\":{\"@id\":\"https:\\\/\\\/chronik.berliner-verkehr.de\\\/?p=7198#breadcrumb\"},\"inLanguage\":\"de\",\"potentialAction\":[{\"@type\":\"ReadAction\",\"target\":[\"https:\\\/\\\/chronik.berliner-verkehr.de\\\/?p=7198\"]}]},{\"@type\":\"BreadcrumbList\",\"@id\":\"https:\\\/\\\/chronik.berliner-verkehr.de\\\/?p=7198#breadcrumb\",\"itemListElement\":[{\"@type\":\"ListItem\",\"position\":1,\"name\":\"Startseite\",\"item\":\"https:\\\/\\\/chronik.berliner-verkehr.de\\\/\"},{\"@type\":\"ListItem\",\"position\":2,\"name\":\"1993-06-14 S-Bahn: Inbetriebnahme elektronisches Stellwerk Wannsee S-Bahn\"}]},{\"@type\":\"WebSite\",\"@id\":\"https:\\\/\\\/chronik.berliner-verkehr.de\\\/#website\",\"url\":\"https:\\\/\\\/chronik.berliner-verkehr.de\\\/\",\"name\":\"Chronik Berlin\",\"description\":\"Chronik von Berlin:Verkehr\",\"potentialAction\":[{\"@type\":\"SearchAction\",\"target\":{\"@type\":\"EntryPoint\",\"urlTemplate\":\"https:\\\/\\\/chronik.berliner-verkehr.de\\\/?s={search_term_string}\"},\"query-input\":{\"@type\":\"PropertyValueSpecification\",\"valueRequired\":true,\"valueName\":\"search_term_string\"}}],\"inLanguage\":\"de\"},{\"@type\":\"Person\",\"@id\":\"https:\\\/\\\/chronik.berliner-verkehr.de\\\/#\\\/schema\\\/person\\\/0aafc2c308e915dc30d0c77868efda48\",\"name\":\"ralfbj70\",\"image\":{\"@type\":\"ImageObject\",\"inLanguage\":\"de\",\"@id\":\"https:\\\/\\\/secure.gravatar.com\\\/avatar\\\/ea0988e51fb7b4df6a45e2826bf423f784b45c1f3c7d412d22f1551a136ffc12?s=96&d=mm&r=g\",\"url\":\"https:\\\/\\\/secure.gravatar.com\\\/avatar\\\/ea0988e51fb7b4df6a45e2826bf423f784b45c1f3c7d412d22f1551a136ffc12?s=96&d=mm&r=g\",\"contentUrl\":\"https:\\\/\\\/secure.gravatar.com\\\/avatar\\\/ea0988e51fb7b4df6a45e2826bf423f784b45c1f3c7d412d22f1551a136ffc12?s=96&d=mm&r=g\",\"caption\":\"ralfbj70\"},\"url\":\"https:\\\/\\\/chronik.berliner-verkehr.de\\\/?author=1\"}]}<\/script>\n<!-- \/ Yoast SEO plugin. -->","yoast_head_json":{"title":"1993-06-14 S-Bahn: Inbetriebnahme elektronisches Stellwerk Wannsee S-Bahn - Chronik Berlin","robots":{"index":"index","follow":"follow","max-snippet":"max-snippet:-1","max-image-preview":"max-image-preview:large","max-video-preview":"max-video-preview:-1"},"canonical":"https:\/\/chronik.berliner-verkehr.de\/?p=7198","og_locale":"de_DE","og_type":"article","og_title":"1993-06-14 S-Bahn: Inbetriebnahme elektronisches Stellwerk Wannsee S-Bahn - Chronik Berlin","og_description":"Am 14.6.1993 erfolgte die Inbetriebnahme des elektronischen Stellwerkes Wannsee f\u00fcr die S-Bahn, zun\u00e4chst f\u00fcr den Abschnitt Nikolassee &#8211; Potsdam. Am 15.6. wurde auch das S-Bw Wannsee angeschlossen. Wie schon im Vormonat auf dem Abschnitt Friedrichstra\u00dfe Westkreuz mu\u00dfte auch jetzt w\u00e4hrend der Umstellungsarbeiten der S-Bahn-Be trieb stark eingeschr\u00e4nkt werden. So fuhren beispielsweise vom 9. bis 11. &hellip; \u201e1993-06-14 S-Bahn: Inbetriebnahme elektronisches Stellwerk Wannsee S-Bahn\u201c weiterlesen","og_url":"https:\/\/chronik.berliner-verkehr.de\/?p=7198","og_site_name":"Chronik Berlin","article_published_time":"1993-06-14T19:23:26+00:00","article_modified_time":"2022-01-07T20:23:40+00:00","author":"ralfbj70","twitter_card":"summary_large_image","twitter_misc":{"Verfasst von":"ralfbj70","Gesch\u00e4tzte Lesezeit":"1\u00a0Minute"},"schema":{"@context":"https:\/\/schema.org","@graph":[{"@type":"Article","@id":"https:\/\/chronik.berliner-verkehr.de\/?p=7198#article","isPartOf":{"@id":"https:\/\/chronik.berliner-verkehr.de\/?p=7198"},"author":{"name":"ralfbj70","@id":"https:\/\/chronik.berliner-verkehr.de\/#\/schema\/person\/0aafc2c308e915dc30d0c77868efda48"},"headline":"1993-06-14 S-Bahn: Inbetriebnahme elektronisches Stellwerk Wannsee S-Bahn","datePublished":"1993-06-14T19:23:26+00:00","dateModified":"2022-01-07T20:23:40+00:00","mainEntityOfPage":{"@id":"https:\/\/chronik.berliner-verkehr.de\/?p=7198"},"wordCount":234,"articleSection":["S-Bahn","Strecken"],"inLanguage":"de"},{"@type":"WebPage","@id":"https:\/\/chronik.berliner-verkehr.de\/?p=7198","url":"https:\/\/chronik.berliner-verkehr.de\/?p=7198","name":"1993-06-14 S-Bahn: Inbetriebnahme elektronisches Stellwerk Wannsee S-Bahn - Chronik Berlin","isPartOf":{"@id":"https:\/\/chronik.berliner-verkehr.de\/#website"},"datePublished":"1993-06-14T19:23:26+00:00","dateModified":"2022-01-07T20:23:40+00:00","author":{"@id":"https:\/\/chronik.berliner-verkehr.de\/#\/schema\/person\/0aafc2c308e915dc30d0c77868efda48"},"breadcrumb":{"@id":"https:\/\/chronik.berliner-verkehr.de\/?p=7198#breadcrumb"},"inLanguage":"de","potentialAction":[{"@type":"ReadAction","target":["https:\/\/chronik.berliner-verkehr.de\/?p=7198"]}]},{"@type":"BreadcrumbList","@id":"https:\/\/chronik.berliner-verkehr.de\/?p=7198#breadcrumb","itemListElement":[{"@type":"ListItem","position":1,"name":"Startseite","item":"https:\/\/chronik.berliner-verkehr.de\/"},{"@type":"ListItem","position":2,"name":"1993-06-14 S-Bahn: Inbetriebnahme elektronisches Stellwerk Wannsee S-Bahn"}]},{"@type":"WebSite","@id":"https:\/\/chronik.berliner-verkehr.de\/#website","url":"https:\/\/chronik.berliner-verkehr.de\/","name":"Chronik Berlin","description":"Chronik von Berlin:Verkehr","potentialAction":[{"@type":"SearchAction","target":{"@type":"EntryPoint","urlTemplate":"https:\/\/chronik.berliner-verkehr.de\/?s={search_term_string}"},"query-input":{"@type":"PropertyValueSpecification","valueRequired":true,"valueName":"search_term_string"}}],"inLanguage":"de"},{"@type":"Person","@id":"https:\/\/chronik.berliner-verkehr.de\/#\/schema\/person\/0aafc2c308e915dc30d0c77868efda48","name":"ralfbj70","image":{"@type":"ImageObject","inLanguage":"de","@id":"https:\/\/secure.gravatar.com\/avatar\/ea0988e51fb7b4df6a45e2826bf423f784b45c1f3c7d412d22f1551a136ffc12?s=96&d=mm&r=g","url":"https:\/\/secure.gravatar.com\/avatar\/ea0988e51fb7b4df6a45e2826bf423f784b45c1f3c7d412d22f1551a136ffc12?s=96&d=mm&r=g","contentUrl":"https:\/\/secure.gravatar.com\/avatar\/ea0988e51fb7b4df6a45e2826bf423f784b45c1f3c7d412d22f1551a136ffc12?s=96&d=mm&r=g","caption":"ralfbj70"},"url":"https:\/\/chronik.berliner-verkehr.de\/?author=1"}]}},"_links":{"self":[{"href":"https:\/\/chronik.berliner-verkehr.de\/index.php?rest_route=\/wp\/v2\/posts\/7198","targetHints":{"allow":["GET"]}}],"collection":[{"href":"https:\/\/chronik.berliner-verkehr.de\/index.php?rest_route=\/wp\/v2\/posts"}],"about":[{"href":"https:\/\/chronik.berliner-verkehr.de\/index.php?rest_route=\/wp\/v2\/types\/post"}],"author":[{"embeddable":true,"href":"https:\/\/chronik.berliner-verkehr.de\/index.php?rest_route=\/wp\/v2\/users\/1"}],"replies":[{"embeddable":true,"href":"https:\/\/chronik.berliner-verkehr.de\/index.php?rest_route=%2Fwp%2Fv2%2Fcomments&post=7198"}],"version-history":[{"count":1,"href":"https:\/\/chronik.berliner-verkehr.de\/index.php?rest_route=\/wp\/v2\/posts\/7198\/revisions"}],"predecessor-version":[{"id":7199,"href":"https:\/\/chronik.berliner-verkehr.de\/index.php?rest_route=\/wp\/v2\/posts\/7198\/revisions\/7199"}],"wp:attachment":[{"href":"https:\/\/chronik.berliner-verkehr.de\/index.php?rest_route=%2Fwp%2Fv2%2Fmedia&parent=7198"}],"curies":[{"name":"wp","href":"https:\/\/api.w.org\/{rel}","templated":true}]}}