{"id":7549,"date":"2021-07-15T17:40:48","date_gmt":"2021-07-15T15:40:48","guid":{"rendered":"https:\/\/chronik.berliner-verkehr.de\/?p=7549"},"modified":"2022-01-29T18:03:57","modified_gmt":"2022-01-29T17:03:57","slug":"2021-07-15-s-bahn-eisenbahn-stolze-150-jahre-die-berliner-ringbahn-feiert-runden-geburtstag","status":"publish","type":"post","link":"https:\/\/chronik.berliner-verkehr.de\/?p=7549","title":{"rendered":"2021-07-15 S-Bahn + Eisenbahn: Stolze 150 Jahre! Die Berliner Ringbahn feiert runden Geburtstag"},"content":{"rendered":"\n<h2 class=\"wp-block-heading\">Verkehrsader der Hauptstadt f\u00fcr gr\u00fcne Mobilit\u00e4t \u2022 500.000 Fahrg\u00e4ste und 1.000 Zugfahrten am Tag \u2022 S-Bahnzug mit historischen Motiven geht f\u00fcr ein Jahr in den Fahrgastbetrieb \u2022 Dichterer Takt ab 9. August<\/h2>\n\n\n\n<!--more-->\n\n\n\n<p>Am Samstag geht\u2019s rund, denn die Berliner Ringbahn feiert ihren sage und schreibe 150. Geburtstag. Am 17. Juli 1871 wurde der erste Streckenabschnitt er\u00f6ffnet \u2013 zun\u00e4chst f\u00fcr den G\u00fcterverkehr, um die Hauptstadt mit dem Notwendigen zu versorgen. Ein halbes Jahr sp\u00e4ter dann durften auch die Berlinerinnen und Berliner in den Z\u00fcgen Platz nehmen. Und bis heute ist der Berliner Ring eine der meistgenutzten S-Bahnstrecken im ganzen Land. Ab dem 9. August wird deshalb auch auf Bestellung des VBB im Auftrag des Landes Berlin der Takt verdichtet: Von montags bis freitags wird das Angebot au\u00dferhalb der Hauptverkehrszeiten erweitert. Zwischen ca. 10.30 Uhr und 14.00 Uhr verkehrt die Ringbahn im 5\/5\/10-Minutentakt anstatt im 10-Minutentakt.<\/p>\n\n\n\n<p>Alexander Kaczmarek, DB-Konzernbevollm\u00e4chtigter f\u00fcr Berlin: \u201eRund 500.000 Fahrg\u00e4ste frequentieren die Endloslinien S41 und S42 und die Tangentiallinien S 45, 46, 47, 8 und 85 jeden Werktag. Die Mutter aller Ringbahnen ist Ergebnis vorausschauender und mutiger verkehrspolitischer Entscheidungen. Der Ring allein hat heute nicht nur mehr Fahrg\u00e4ste als komplette S-Bahnnetze anderer deutscher St\u00e4dte. Er ist auch stadtbildpr\u00e4gend und hat die Entwicklung der Metropole entscheidend geformt.\u201c<\/p>\n\n\n\n<p>Sowohl das Projekt Qualit\u00e4tsoffensive S-Bahn Plus der DB als auch das Gemeinschaftsprojekt i2030 der L\u00e4nder Berlin und Brandenburg, des VBB sowie der Deutschen Bahn planen ehrgeizige Entwicklungen auch f\u00fcr den Ring. Zus\u00e4tzliche Bahnsteiggleise, verbesserte Stromversor-gung und die technischen Voraussetzungen f\u00fcr eine engere Zugfolge sind in Arbeit. Die Siemensbahn wird genauso wie die City-S-Bahn zuk\u00fcnftig in den Nordring einm\u00fcnden. Und der Deutschlandtakt sieht auch f\u00fcr den S\u00fcdring zus\u00e4tzliche Aufgaben im Regionalverkehr. So wird der Ring auch in Zukunft eine wichtige Lebenslinie der Metropole bleiben.<\/p>\n\n\n\n<p>Anl\u00e4sslich des Geburtstages wird ein S-Bahnzug, bestehend aus sechs Wagen und beklebt mit Bildern und Jahreszahlen der Ring-Geschichte, in den Fahrgastbetrieb gehen. Am Samstag, 17. Juli um 12.31 Uhr wird er als S41 ab Bahnhof S\u00fcdkreuz starten und mindestens ein Jahr lang im historischen Gewand unterwegs sein. Dar\u00fcber hinaus informieren eigens aufgestellte Stelen mit Fotos und Fakten an den Bahnh\u00f6fen Ost-, S\u00fcd- und Westkreuz, Gesundbrunnen und Treptower Park \u00fcber die geschichtliche Bedeutung der Ringbahn f\u00fcr Berlin.<\/p>\n\n\n\n<p><strong>Kleiner Abriss der Ring-Geschichte*<\/strong><\/p>\n\n\n\n<ul class=\"wp-block-list\"><li>1871 wurde der erste Abschnitt der Berliner Ringbahn er\u00f6ffnet: von Moabit nach Sch\u00f6neberg. Zun\u00e4chst f\u00fcr den G\u00fcterverkehr und ab Januar 1872 auch f\u00fcr den Personenverkehr &#8211; der Beginn einer wechselvollen Geschichte.<\/li><li>Ein Jahr sp\u00e4ter bereits wurden eine Million Fahrg\u00e4ste j\u00e4hrlich gez\u00e4hlt und ein weiteres Jahr sp\u00e4ter waren es 1,4 Millionen.<\/li><li>Die ersten Stationen, die entstanden, waren die heutige Beusselstra\u00dfe, Wedding, Gesundbrunnen, Ostkreuz, Neuk\u00f6lln, Tempelhof und Sch\u00f6neberg.<\/li><li>1877 war der Bau beendet und der Ring geschlossen.<\/li><li>Ab dem 1. Mai 1903 fuhren die dampfbetriebenen Personenz\u00fcge erstmals volle Ringrunden und ben\u00f6tigten daf\u00fcr 125 Minuten.<\/li><li>Ab 1909 gab es Pl\u00e4ne, die Strecke zu elektrifizieren, doch konnten diese erst nach dem Ersten Weltkrieg, zum Ende der 1920er Jahre realisiert werden.<\/li><li>Ab dem 15. Mai 1929 fuhren nur noch strombetriebene Z\u00fcge auf dem Ring und brauchten f\u00fcr eine Runde 78 Minuten.<\/li><li>W\u00e4hrend des Zweiten Weltkriegs musste ab 1942 der S-Bahnverkehr eingeschr\u00e4nkt, doch erst wenige Tage vor Kriegsende, im April 1945, komplett eingestellt werden. Nur zwei Monate sp\u00e4ter wurden erste Abschnitte wieder in Betrieb genommen und schon im Dezember 1945 war der Ring wieder komplett befahrbar.<\/li><li>Seine l\u00e4ngste Unterbrechung erf\u00e4hrt der Puls der Hauptstadt w\u00e4hrend der Teilung Deutschlands \u2013 41 Jahre, von 1961 bis 2002.<\/li><li>Seitdem fahren dort die Linien S41\/42 ihre Runden: 27 Bahnh\u00f6fe, 37 Kilometer in 60 Minuten.<\/li><\/ul>\n\n\n\n<p>Im Dezember 2022 folgt die n\u00e4chste Etappe des Ringbahnausbaus: Die beiden Kurven ab den Bahnh\u00f6fen Westhafen und Wedding sollen als Verbindung des Rings zum Berliner Hauptbahnhof in Betrieb gehen. Dann sind die Verkehrsknoten Gesundbrunnen und Hauptbahnhof durch die neue City-S-Bahn erstmals direkt durch die S-Bahn verbunden. Weitere Informationen gibt es auf der S-Bahnhomepage:&nbsp;<a href=\"https:\/\/sbahn.berlin\/aktuelles\/artikel\/150-jahre-ringbahn-was-fuer-ein-jubilaeum\/\">https:\/\/sbahn.berlin\/aktuelles\/artikel\/150-jahre-ringbahn-was-fuer-ein-jubilaeum\/<\/a><\/p>\n\n\n\n<p>*Quelle: \u201eDie Berliner Ringbahn \u2013 die Geschichte der legend\u00e4ren Eisenbahnstrecke von 1871 bis heute\u201c, Sven Heinemann, Verlagsgruppe Bahn, M\u00fcnchen 2021 (ISBN: 9783964533005).<\/p>\n\n\n\n<p>(Quelle: https:\/\/www.deutschebahn.com\/pr-berlin-de\/aktuell\/presseinformationen\/Stolze-150-Jahre-Die-Berliner-Ringbahn-feiert-runden-Geburtstag-6302974?qli=true&amp;subjekteFilter=&amp;Monat=&amp;itemsPerPage=10&amp;pageNum=4&amp;contentId=1317082 , abgerufen am 29.01.2022)<\/p>\n","protected":false},"excerpt":{"rendered":"<p>Verkehrsader der Hauptstadt f\u00fcr gr\u00fcne Mobilit\u00e4t \u2022 500.000 Fahrg\u00e4ste und 1.000 Zugfahrten am Tag \u2022 S-Bahnzug mit historischen Motiven geht f\u00fcr ein Jahr in den Fahrgastbetrieb \u2022 Dichterer Takt ab 9. August<\/p>\n","protected":false},"author":1,"featured_media":0,"comment_status":"closed","ping_status":"open","sticky":false,"template":"","format":"standard","meta":{"footnotes":""},"class_list":["post-7549","post","type-post","status-publish","format-standard","hentry","category-bahn-fernverkehr","category-bahn-regionalverkehr","category-bahnhoefe_stationen","category-s-bahn","category-strecken"],"yoast_head":"<!-- This site is optimized with the Yoast SEO plugin v27.4 - https:\/\/yoast.com\/product\/yoast-seo-wordpress\/ -->\n<title>2021-07-15 S-Bahn + Eisenbahn: Stolze 150 Jahre! Die Berliner Ringbahn feiert runden Geburtstag - Chronik Berlin<\/title>\n<meta name=\"robots\" content=\"index, follow, max-snippet:-1, max-image-preview:large, max-video-preview:-1\" \/>\n<link rel=\"canonical\" href=\"https:\/\/chronik.berliner-verkehr.de\/?p=7549\" \/>\n<meta property=\"og:locale\" content=\"de_DE\" \/>\n<meta property=\"og:type\" content=\"article\" \/>\n<meta property=\"og:title\" content=\"2021-07-15 S-Bahn + Eisenbahn: Stolze 150 Jahre! Die Berliner Ringbahn feiert runden Geburtstag - Chronik Berlin\" \/>\n<meta property=\"og:description\" content=\"Verkehrsader der Hauptstadt f\u00fcr gr\u00fcne Mobilit\u00e4t \u2022 500.000 Fahrg\u00e4ste und 1.000 Zugfahrten am Tag \u2022 S-Bahnzug mit historischen Motiven geht f\u00fcr ein Jahr in den Fahrgastbetrieb \u2022 Dichterer Takt ab 9. August\" \/>\n<meta property=\"og:url\" content=\"https:\/\/chronik.berliner-verkehr.de\/?p=7549\" \/>\n<meta property=\"og:site_name\" content=\"Chronik Berlin\" \/>\n<meta property=\"article:published_time\" content=\"2021-07-15T15:40:48+00:00\" \/>\n<meta property=\"article:modified_time\" content=\"2022-01-29T17:03:57+00:00\" \/>\n<meta name=\"author\" content=\"ralfbj70\" \/>\n<meta name=\"twitter:card\" content=\"summary_large_image\" \/>\n<meta name=\"twitter:label1\" content=\"Verfasst von\" \/>\n\t<meta name=\"twitter:data1\" content=\"ralfbj70\" \/>\n\t<meta name=\"twitter:label2\" content=\"Gesch\u00e4tzte Lesezeit\" \/>\n\t<meta name=\"twitter:data2\" content=\"4\u00a0Minuten\" \/>\n<script type=\"application\/ld+json\" class=\"yoast-schema-graph\">{\"@context\":\"https:\\\/\\\/schema.org\",\"@graph\":[{\"@type\":\"Article\",\"@id\":\"https:\\\/\\\/chronik.berliner-verkehr.de\\\/?p=7549#article\",\"isPartOf\":{\"@id\":\"https:\\\/\\\/chronik.berliner-verkehr.de\\\/?p=7549\"},\"author\":{\"name\":\"ralfbj70\",\"@id\":\"https:\\\/\\\/chronik.berliner-verkehr.de\\\/#\\\/schema\\\/person\\\/0aafc2c308e915dc30d0c77868efda48\"},\"headline\":\"2021-07-15 S-Bahn + Eisenbahn: Stolze 150 Jahre! Die Berliner Ringbahn feiert runden Geburtstag\",\"datePublished\":\"2021-07-15T15:40:48+00:00\",\"dateModified\":\"2022-01-29T17:03:57+00:00\",\"mainEntityOfPage\":{\"@id\":\"https:\\\/\\\/chronik.berliner-verkehr.de\\\/?p=7549\"},\"wordCount\":722,\"articleSection\":[\"Bahn-Fernverkehr\",\"Bahn-Regionalverkehr\",\"Bahnh\u00f6fe, Stationen\",\"S-Bahn\",\"Strecken\"],\"inLanguage\":\"de\"},{\"@type\":\"WebPage\",\"@id\":\"https:\\\/\\\/chronik.berliner-verkehr.de\\\/?p=7549\",\"url\":\"https:\\\/\\\/chronik.berliner-verkehr.de\\\/?p=7549\",\"name\":\"2021-07-15 S-Bahn + Eisenbahn: Stolze 150 Jahre! Die Berliner Ringbahn feiert runden Geburtstag - Chronik Berlin\",\"isPartOf\":{\"@id\":\"https:\\\/\\\/chronik.berliner-verkehr.de\\\/#website\"},\"datePublished\":\"2021-07-15T15:40:48+00:00\",\"dateModified\":\"2022-01-29T17:03:57+00:00\",\"author\":{\"@id\":\"https:\\\/\\\/chronik.berliner-verkehr.de\\\/#\\\/schema\\\/person\\\/0aafc2c308e915dc30d0c77868efda48\"},\"breadcrumb\":{\"@id\":\"https:\\\/\\\/chronik.berliner-verkehr.de\\\/?p=7549#breadcrumb\"},\"inLanguage\":\"de\",\"potentialAction\":[{\"@type\":\"ReadAction\",\"target\":[\"https:\\\/\\\/chronik.berliner-verkehr.de\\\/?p=7549\"]}]},{\"@type\":\"BreadcrumbList\",\"@id\":\"https:\\\/\\\/chronik.berliner-verkehr.de\\\/?p=7549#breadcrumb\",\"itemListElement\":[{\"@type\":\"ListItem\",\"position\":1,\"name\":\"Startseite\",\"item\":\"https:\\\/\\\/chronik.berliner-verkehr.de\\\/\"},{\"@type\":\"ListItem\",\"position\":2,\"name\":\"2021-07-15 S-Bahn + Eisenbahn: Stolze 150 Jahre! Die Berliner Ringbahn feiert runden Geburtstag\"}]},{\"@type\":\"WebSite\",\"@id\":\"https:\\\/\\\/chronik.berliner-verkehr.de\\\/#website\",\"url\":\"https:\\\/\\\/chronik.berliner-verkehr.de\\\/\",\"name\":\"Chronik Berlin\",\"description\":\"Chronik von Berlin:Verkehr\",\"potentialAction\":[{\"@type\":\"SearchAction\",\"target\":{\"@type\":\"EntryPoint\",\"urlTemplate\":\"https:\\\/\\\/chronik.berliner-verkehr.de\\\/?s={search_term_string}\"},\"query-input\":{\"@type\":\"PropertyValueSpecification\",\"valueRequired\":true,\"valueName\":\"search_term_string\"}}],\"inLanguage\":\"de\"},{\"@type\":\"Person\",\"@id\":\"https:\\\/\\\/chronik.berliner-verkehr.de\\\/#\\\/schema\\\/person\\\/0aafc2c308e915dc30d0c77868efda48\",\"name\":\"ralfbj70\",\"image\":{\"@type\":\"ImageObject\",\"inLanguage\":\"de\",\"@id\":\"https:\\\/\\\/secure.gravatar.com\\\/avatar\\\/ea0988e51fb7b4df6a45e2826bf423f784b45c1f3c7d412d22f1551a136ffc12?s=96&d=mm&r=g\",\"url\":\"https:\\\/\\\/secure.gravatar.com\\\/avatar\\\/ea0988e51fb7b4df6a45e2826bf423f784b45c1f3c7d412d22f1551a136ffc12?s=96&d=mm&r=g\",\"contentUrl\":\"https:\\\/\\\/secure.gravatar.com\\\/avatar\\\/ea0988e51fb7b4df6a45e2826bf423f784b45c1f3c7d412d22f1551a136ffc12?s=96&d=mm&r=g\",\"caption\":\"ralfbj70\"},\"url\":\"https:\\\/\\\/chronik.berliner-verkehr.de\\\/?author=1\"}]}<\/script>\n<!-- \/ Yoast SEO plugin. -->","yoast_head_json":{"title":"2021-07-15 S-Bahn + Eisenbahn: Stolze 150 Jahre! Die Berliner Ringbahn feiert runden Geburtstag - Chronik Berlin","robots":{"index":"index","follow":"follow","max-snippet":"max-snippet:-1","max-image-preview":"max-image-preview:large","max-video-preview":"max-video-preview:-1"},"canonical":"https:\/\/chronik.berliner-verkehr.de\/?p=7549","og_locale":"de_DE","og_type":"article","og_title":"2021-07-15 S-Bahn + Eisenbahn: Stolze 150 Jahre! Die Berliner Ringbahn feiert runden Geburtstag - Chronik Berlin","og_description":"Verkehrsader der Hauptstadt f\u00fcr gr\u00fcne Mobilit\u00e4t \u2022 500.000 Fahrg\u00e4ste und 1.000 Zugfahrten am Tag \u2022 S-Bahnzug mit historischen Motiven geht f\u00fcr ein Jahr in den Fahrgastbetrieb \u2022 Dichterer Takt ab 9. August","og_url":"https:\/\/chronik.berliner-verkehr.de\/?p=7549","og_site_name":"Chronik Berlin","article_published_time":"2021-07-15T15:40:48+00:00","article_modified_time":"2022-01-29T17:03:57+00:00","author":"ralfbj70","twitter_card":"summary_large_image","twitter_misc":{"Verfasst von":"ralfbj70","Gesch\u00e4tzte Lesezeit":"4\u00a0Minuten"},"schema":{"@context":"https:\/\/schema.org","@graph":[{"@type":"Article","@id":"https:\/\/chronik.berliner-verkehr.de\/?p=7549#article","isPartOf":{"@id":"https:\/\/chronik.berliner-verkehr.de\/?p=7549"},"author":{"name":"ralfbj70","@id":"https:\/\/chronik.berliner-verkehr.de\/#\/schema\/person\/0aafc2c308e915dc30d0c77868efda48"},"headline":"2021-07-15 S-Bahn + Eisenbahn: Stolze 150 Jahre! Die Berliner Ringbahn feiert runden Geburtstag","datePublished":"2021-07-15T15:40:48+00:00","dateModified":"2022-01-29T17:03:57+00:00","mainEntityOfPage":{"@id":"https:\/\/chronik.berliner-verkehr.de\/?p=7549"},"wordCount":722,"articleSection":["Bahn-Fernverkehr","Bahn-Regionalverkehr","Bahnh\u00f6fe, Stationen","S-Bahn","Strecken"],"inLanguage":"de"},{"@type":"WebPage","@id":"https:\/\/chronik.berliner-verkehr.de\/?p=7549","url":"https:\/\/chronik.berliner-verkehr.de\/?p=7549","name":"2021-07-15 S-Bahn + Eisenbahn: Stolze 150 Jahre! Die Berliner Ringbahn feiert runden Geburtstag - Chronik Berlin","isPartOf":{"@id":"https:\/\/chronik.berliner-verkehr.de\/#website"},"datePublished":"2021-07-15T15:40:48+00:00","dateModified":"2022-01-29T17:03:57+00:00","author":{"@id":"https:\/\/chronik.berliner-verkehr.de\/#\/schema\/person\/0aafc2c308e915dc30d0c77868efda48"},"breadcrumb":{"@id":"https:\/\/chronik.berliner-verkehr.de\/?p=7549#breadcrumb"},"inLanguage":"de","potentialAction":[{"@type":"ReadAction","target":["https:\/\/chronik.berliner-verkehr.de\/?p=7549"]}]},{"@type":"BreadcrumbList","@id":"https:\/\/chronik.berliner-verkehr.de\/?p=7549#breadcrumb","itemListElement":[{"@type":"ListItem","position":1,"name":"Startseite","item":"https:\/\/chronik.berliner-verkehr.de\/"},{"@type":"ListItem","position":2,"name":"2021-07-15 S-Bahn + Eisenbahn: Stolze 150 Jahre! Die Berliner Ringbahn feiert runden Geburtstag"}]},{"@type":"WebSite","@id":"https:\/\/chronik.berliner-verkehr.de\/#website","url":"https:\/\/chronik.berliner-verkehr.de\/","name":"Chronik Berlin","description":"Chronik von Berlin:Verkehr","potentialAction":[{"@type":"SearchAction","target":{"@type":"EntryPoint","urlTemplate":"https:\/\/chronik.berliner-verkehr.de\/?s={search_term_string}"},"query-input":{"@type":"PropertyValueSpecification","valueRequired":true,"valueName":"search_term_string"}}],"inLanguage":"de"},{"@type":"Person","@id":"https:\/\/chronik.berliner-verkehr.de\/#\/schema\/person\/0aafc2c308e915dc30d0c77868efda48","name":"ralfbj70","image":{"@type":"ImageObject","inLanguage":"de","@id":"https:\/\/secure.gravatar.com\/avatar\/ea0988e51fb7b4df6a45e2826bf423f784b45c1f3c7d412d22f1551a136ffc12?s=96&d=mm&r=g","url":"https:\/\/secure.gravatar.com\/avatar\/ea0988e51fb7b4df6a45e2826bf423f784b45c1f3c7d412d22f1551a136ffc12?s=96&d=mm&r=g","contentUrl":"https:\/\/secure.gravatar.com\/avatar\/ea0988e51fb7b4df6a45e2826bf423f784b45c1f3c7d412d22f1551a136ffc12?s=96&d=mm&r=g","caption":"ralfbj70"},"url":"https:\/\/chronik.berliner-verkehr.de\/?author=1"}]}},"_links":{"self":[{"href":"https:\/\/chronik.berliner-verkehr.de\/index.php?rest_route=\/wp\/v2\/posts\/7549","targetHints":{"allow":["GET"]}}],"collection":[{"href":"https:\/\/chronik.berliner-verkehr.de\/index.php?rest_route=\/wp\/v2\/posts"}],"about":[{"href":"https:\/\/chronik.berliner-verkehr.de\/index.php?rest_route=\/wp\/v2\/types\/post"}],"author":[{"embeddable":true,"href":"https:\/\/chronik.berliner-verkehr.de\/index.php?rest_route=\/wp\/v2\/users\/1"}],"replies":[{"embeddable":true,"href":"https:\/\/chronik.berliner-verkehr.de\/index.php?rest_route=%2Fwp%2Fv2%2Fcomments&post=7549"}],"version-history":[{"count":2,"href":"https:\/\/chronik.berliner-verkehr.de\/index.php?rest_route=\/wp\/v2\/posts\/7549\/revisions"}],"predecessor-version":[{"id":7578,"href":"https:\/\/chronik.berliner-verkehr.de\/index.php?rest_route=\/wp\/v2\/posts\/7549\/revisions\/7578"}],"wp:attachment":[{"href":"https:\/\/chronik.berliner-verkehr.de\/index.php?rest_route=%2Fwp%2Fv2%2Fmedia&parent=7549"}],"curies":[{"name":"wp","href":"https:\/\/api.w.org\/{rel}","templated":true}]}}