{"id":8068,"date":"2000-02-05T22:49:12","date_gmt":"2000-02-05T21:49:12","guid":{"rendered":"https:\/\/chronik.berliner-verkehr.de\/?p=8068"},"modified":"2022-02-08T22:49:43","modified_gmt":"2022-02-08T21:49:43","slug":"2000-02-05-m-bahn","status":"publish","type":"post","link":"https:\/\/chronik.berliner-verkehr.de\/?p=8068","title":{"rendered":"2000-02-05 M-Bahn: Entscheidung des Verkehrsministers Reinhard Klimmt, da\u00df dieses System nicht auf der favorisierten und bereits weitgehend planfestgestellten Trasse zwischen Berlin und Hamburg \u00fcber Schwerin gebaut wird"},"content":{"rendered":"\n<p>Der 5. Februar 2000 war f\u00fcr den Transrapid ein schwarzer Tag. Er brachte die f\u00e4llige Entscheidung des Verkehrsministers Reinhard Klimmt, da\u00df dieses System nicht auf der favorisierten und bereits weitgehend planfestgestellten Trasse zwischen Berlin und Hamburg \u00fcber Schwerin gebaut wird. Damit wird gl\u00fccklicherweise eine Entscheidung korrigiert, die vor rund zehn Jahren politisch getroffen wurde.<\/p>\n\n\n\n<p>Untermauert wurde die damalige Entscheidung f\u00fcr diese Strecke durch Verkehrsgutachten, die u.a. von prognostizierten gro\u00dfen Bef\u00f6rderungszahlen zwischen den beiden Millionenst\u00e4dten sprachen. Es sollte demnach auf der geplanten zweispurigen Transrapid-Strecke sogar ein 10-Minuten-Takt erforderlich werden: abends zum Theater schnell mal von Berlin nach Hamburg &#8211; und das bei einer geplanten Fahrzeit zwischen den beiden Endbahnh\u00f6fen von knapp unter einer Stunde. Das bedeutete aber, da\u00df alle Reisenden, die gegenw\u00e4rtig zwischen Berlin und Hamburg unterwegs sind, weder das Auto, noch die Eisenbahn, noch das Flugzeug benutzen w\u00fcrden, sondern alle im Transrapid sitzen m\u00fc\u00dften und nebenbei mindestens noch zwei neue Fahrg\u00e4ste zwangsweise mitn\u00e4hmen (obwohl die vielleicht lieber in Berlin respektive Hamburg bleiben w\u00fcrden). Eine von vorn herein unrealistische Vision.<\/p>\n\n\n\n<p>&#8230;<\/p>\n\n\n\n<p>(Quelle: BVB 04\/00)<\/p>\n","protected":false},"excerpt":{"rendered":"<p>Der 5. Februar 2000 war f\u00fcr den Transrapid ein schwarzer Tag. Er brachte die f\u00e4llige Entscheidung des Verkehrsministers Reinhard Klimmt, da\u00df dieses System nicht auf der favorisierten und bereits weitgehend planfestgestellten Trasse zwischen Berlin und Hamburg \u00fcber Schwerin gebaut wird. Damit wird gl\u00fccklicherweise eine Entscheidung korrigiert, die vor rund zehn Jahren politisch getroffen wurde. Untermauert &hellip; <a href=\"https:\/\/chronik.berliner-verkehr.de\/?p=8068\" class=\"more-link\"><span class=\"screen-reader-text\">\u201e2000-02-05 M-Bahn: Entscheidung des Verkehrsministers Reinhard Klimmt, da\u00df dieses System nicht auf der favorisierten und bereits weitgehend planfestgestellten Trasse zwischen Berlin und Hamburg \u00fcber Schwerin gebaut wird\u201c <\/span>weiterlesen<\/a><\/p>\n","protected":false},"author":1,"featured_media":0,"comment_status":"closed","ping_status":"open","sticky":false,"template":"","format":"standard","meta":{"footnotes":""},"class_list":["post-8068","post","type-post","status-publish","format-standard","hentry","category-bahn-fernverkehr","category-bahnhoefe_stationen","category-m-bahn","category-strecken"],"yoast_head":"<!-- This site is optimized with the Yoast SEO plugin v27.4 - https:\/\/yoast.com\/product\/yoast-seo-wordpress\/ -->\n<title>2000-02-05 M-Bahn: Entscheidung des Verkehrsministers Reinhard Klimmt, da\u00df dieses System nicht auf der favorisierten und bereits weitgehend planfestgestellten Trasse zwischen Berlin und Hamburg \u00fcber Schwerin gebaut wird - Chronik Berlin<\/title>\n<meta name=\"robots\" content=\"index, follow, max-snippet:-1, max-image-preview:large, max-video-preview:-1\" \/>\n<link rel=\"canonical\" href=\"https:\/\/chronik.berliner-verkehr.de\/?p=8068\" \/>\n<meta property=\"og:locale\" content=\"de_DE\" \/>\n<meta property=\"og:type\" content=\"article\" \/>\n<meta property=\"og:title\" content=\"2000-02-05 M-Bahn: Entscheidung des Verkehrsministers Reinhard Klimmt, da\u00df dieses System nicht auf der favorisierten und bereits weitgehend planfestgestellten Trasse zwischen Berlin und Hamburg \u00fcber Schwerin gebaut wird - Chronik Berlin\" \/>\n<meta property=\"og:description\" content=\"Der 5. Februar 2000 war f\u00fcr den Transrapid ein schwarzer Tag. Er brachte die f\u00e4llige Entscheidung des Verkehrsministers Reinhard Klimmt, da\u00df dieses System nicht auf der favorisierten und bereits weitgehend planfestgestellten Trasse zwischen Berlin und Hamburg \u00fcber Schwerin gebaut wird. Damit wird gl\u00fccklicherweise eine Entscheidung korrigiert, die vor rund zehn Jahren politisch getroffen wurde. Untermauert &hellip; \u201e2000-02-05 M-Bahn: Entscheidung des Verkehrsministers Reinhard Klimmt, da\u00df dieses System nicht auf der favorisierten und bereits weitgehend planfestgestellten Trasse zwischen Berlin und Hamburg \u00fcber Schwerin gebaut wird\u201c weiterlesen\" \/>\n<meta property=\"og:url\" content=\"https:\/\/chronik.berliner-verkehr.de\/?p=8068\" \/>\n<meta property=\"og:site_name\" content=\"Chronik Berlin\" \/>\n<meta property=\"article:published_time\" content=\"2000-02-05T21:49:12+00:00\" \/>\n<meta property=\"article:modified_time\" content=\"2022-02-08T21:49:43+00:00\" \/>\n<meta name=\"author\" content=\"ralfbj70\" \/>\n<meta name=\"twitter:card\" content=\"summary_large_image\" \/>\n<meta name=\"twitter:label1\" content=\"Verfasst von\" \/>\n\t<meta name=\"twitter:data1\" content=\"ralfbj70\" \/>\n\t<meta name=\"twitter:label2\" content=\"Gesch\u00e4tzte Lesezeit\" \/>\n\t<meta name=\"twitter:data2\" content=\"1\u00a0Minute\" \/>\n<script type=\"application\/ld+json\" class=\"yoast-schema-graph\">{\"@context\":\"https:\\\/\\\/schema.org\",\"@graph\":[{\"@type\":\"Article\",\"@id\":\"https:\\\/\\\/chronik.berliner-verkehr.de\\\/?p=8068#article\",\"isPartOf\":{\"@id\":\"https:\\\/\\\/chronik.berliner-verkehr.de\\\/?p=8068\"},\"author\":{\"name\":\"ralfbj70\",\"@id\":\"https:\\\/\\\/chronik.berliner-verkehr.de\\\/#\\\/schema\\\/person\\\/0aafc2c308e915dc30d0c77868efda48\"},\"headline\":\"2000-02-05 M-Bahn: Entscheidung des Verkehrsministers Reinhard Klimmt, da\u00df dieses System nicht auf der favorisierten und bereits weitgehend planfestgestellten Trasse zwischen Berlin und Hamburg \u00fcber Schwerin gebaut wird\",\"datePublished\":\"2000-02-05T21:49:12+00:00\",\"dateModified\":\"2022-02-08T21:49:43+00:00\",\"mainEntityOfPage\":{\"@id\":\"https:\\\/\\\/chronik.berliner-verkehr.de\\\/?p=8068\"},\"wordCount\":212,\"articleSection\":[\"Bahn-Fernverkehr\",\"Bahnh\u00f6fe, Stationen\",\"M-Bahn\",\"Strecken\"],\"inLanguage\":\"de\"},{\"@type\":\"WebPage\",\"@id\":\"https:\\\/\\\/chronik.berliner-verkehr.de\\\/?p=8068\",\"url\":\"https:\\\/\\\/chronik.berliner-verkehr.de\\\/?p=8068\",\"name\":\"2000-02-05 M-Bahn: Entscheidung des Verkehrsministers Reinhard Klimmt, da\u00df dieses System nicht auf der favorisierten und bereits weitgehend planfestgestellten Trasse zwischen Berlin und Hamburg \u00fcber Schwerin gebaut wird - Chronik Berlin\",\"isPartOf\":{\"@id\":\"https:\\\/\\\/chronik.berliner-verkehr.de\\\/#website\"},\"datePublished\":\"2000-02-05T21:49:12+00:00\",\"dateModified\":\"2022-02-08T21:49:43+00:00\",\"author\":{\"@id\":\"https:\\\/\\\/chronik.berliner-verkehr.de\\\/#\\\/schema\\\/person\\\/0aafc2c308e915dc30d0c77868efda48\"},\"breadcrumb\":{\"@id\":\"https:\\\/\\\/chronik.berliner-verkehr.de\\\/?p=8068#breadcrumb\"},\"inLanguage\":\"de\",\"potentialAction\":[{\"@type\":\"ReadAction\",\"target\":[\"https:\\\/\\\/chronik.berliner-verkehr.de\\\/?p=8068\"]}]},{\"@type\":\"BreadcrumbList\",\"@id\":\"https:\\\/\\\/chronik.berliner-verkehr.de\\\/?p=8068#breadcrumb\",\"itemListElement\":[{\"@type\":\"ListItem\",\"position\":1,\"name\":\"Startseite\",\"item\":\"https:\\\/\\\/chronik.berliner-verkehr.de\\\/\"},{\"@type\":\"ListItem\",\"position\":2,\"name\":\"2000-02-05 M-Bahn: Entscheidung des Verkehrsministers Reinhard Klimmt, da\u00df dieses System nicht auf der favorisierten und bereits weitgehend planfestgestellten Trasse zwischen Berlin und Hamburg \u00fcber Schwerin gebaut wird\"}]},{\"@type\":\"WebSite\",\"@id\":\"https:\\\/\\\/chronik.berliner-verkehr.de\\\/#website\",\"url\":\"https:\\\/\\\/chronik.berliner-verkehr.de\\\/\",\"name\":\"Chronik Berlin\",\"description\":\"Chronik von Berlin:Verkehr\",\"potentialAction\":[{\"@type\":\"SearchAction\",\"target\":{\"@type\":\"EntryPoint\",\"urlTemplate\":\"https:\\\/\\\/chronik.berliner-verkehr.de\\\/?s={search_term_string}\"},\"query-input\":{\"@type\":\"PropertyValueSpecification\",\"valueRequired\":true,\"valueName\":\"search_term_string\"}}],\"inLanguage\":\"de\"},{\"@type\":\"Person\",\"@id\":\"https:\\\/\\\/chronik.berliner-verkehr.de\\\/#\\\/schema\\\/person\\\/0aafc2c308e915dc30d0c77868efda48\",\"name\":\"ralfbj70\",\"image\":{\"@type\":\"ImageObject\",\"inLanguage\":\"de\",\"@id\":\"https:\\\/\\\/secure.gravatar.com\\\/avatar\\\/ea0988e51fb7b4df6a45e2826bf423f784b45c1f3c7d412d22f1551a136ffc12?s=96&d=mm&r=g\",\"url\":\"https:\\\/\\\/secure.gravatar.com\\\/avatar\\\/ea0988e51fb7b4df6a45e2826bf423f784b45c1f3c7d412d22f1551a136ffc12?s=96&d=mm&r=g\",\"contentUrl\":\"https:\\\/\\\/secure.gravatar.com\\\/avatar\\\/ea0988e51fb7b4df6a45e2826bf423f784b45c1f3c7d412d22f1551a136ffc12?s=96&d=mm&r=g\",\"caption\":\"ralfbj70\"},\"url\":\"https:\\\/\\\/chronik.berliner-verkehr.de\\\/?author=1\"}]}<\/script>\n<!-- \/ Yoast SEO plugin. -->","yoast_head_json":{"title":"2000-02-05 M-Bahn: Entscheidung des Verkehrsministers Reinhard Klimmt, da\u00df dieses System nicht auf der favorisierten und bereits weitgehend planfestgestellten Trasse zwischen Berlin und Hamburg \u00fcber Schwerin gebaut wird - Chronik Berlin","robots":{"index":"index","follow":"follow","max-snippet":"max-snippet:-1","max-image-preview":"max-image-preview:large","max-video-preview":"max-video-preview:-1"},"canonical":"https:\/\/chronik.berliner-verkehr.de\/?p=8068","og_locale":"de_DE","og_type":"article","og_title":"2000-02-05 M-Bahn: Entscheidung des Verkehrsministers Reinhard Klimmt, da\u00df dieses System nicht auf der favorisierten und bereits weitgehend planfestgestellten Trasse zwischen Berlin und Hamburg \u00fcber Schwerin gebaut wird - Chronik Berlin","og_description":"Der 5. Februar 2000 war f\u00fcr den Transrapid ein schwarzer Tag. Er brachte die f\u00e4llige Entscheidung des Verkehrsministers Reinhard Klimmt, da\u00df dieses System nicht auf der favorisierten und bereits weitgehend planfestgestellten Trasse zwischen Berlin und Hamburg \u00fcber Schwerin gebaut wird. Damit wird gl\u00fccklicherweise eine Entscheidung korrigiert, die vor rund zehn Jahren politisch getroffen wurde. Untermauert &hellip; \u201e2000-02-05 M-Bahn: Entscheidung des Verkehrsministers Reinhard Klimmt, da\u00df dieses System nicht auf der favorisierten und bereits weitgehend planfestgestellten Trasse zwischen Berlin und Hamburg \u00fcber Schwerin gebaut wird\u201c weiterlesen","og_url":"https:\/\/chronik.berliner-verkehr.de\/?p=8068","og_site_name":"Chronik Berlin","article_published_time":"2000-02-05T21:49:12+00:00","article_modified_time":"2022-02-08T21:49:43+00:00","author":"ralfbj70","twitter_card":"summary_large_image","twitter_misc":{"Verfasst von":"ralfbj70","Gesch\u00e4tzte Lesezeit":"1\u00a0Minute"},"schema":{"@context":"https:\/\/schema.org","@graph":[{"@type":"Article","@id":"https:\/\/chronik.berliner-verkehr.de\/?p=8068#article","isPartOf":{"@id":"https:\/\/chronik.berliner-verkehr.de\/?p=8068"},"author":{"name":"ralfbj70","@id":"https:\/\/chronik.berliner-verkehr.de\/#\/schema\/person\/0aafc2c308e915dc30d0c77868efda48"},"headline":"2000-02-05 M-Bahn: Entscheidung des Verkehrsministers Reinhard Klimmt, da\u00df dieses System nicht auf der favorisierten und bereits weitgehend planfestgestellten Trasse zwischen Berlin und Hamburg \u00fcber Schwerin gebaut wird","datePublished":"2000-02-05T21:49:12+00:00","dateModified":"2022-02-08T21:49:43+00:00","mainEntityOfPage":{"@id":"https:\/\/chronik.berliner-verkehr.de\/?p=8068"},"wordCount":212,"articleSection":["Bahn-Fernverkehr","Bahnh\u00f6fe, Stationen","M-Bahn","Strecken"],"inLanguage":"de"},{"@type":"WebPage","@id":"https:\/\/chronik.berliner-verkehr.de\/?p=8068","url":"https:\/\/chronik.berliner-verkehr.de\/?p=8068","name":"2000-02-05 M-Bahn: Entscheidung des Verkehrsministers Reinhard Klimmt, da\u00df dieses System nicht auf der favorisierten und bereits weitgehend planfestgestellten Trasse zwischen Berlin und Hamburg \u00fcber Schwerin gebaut wird - Chronik Berlin","isPartOf":{"@id":"https:\/\/chronik.berliner-verkehr.de\/#website"},"datePublished":"2000-02-05T21:49:12+00:00","dateModified":"2022-02-08T21:49:43+00:00","author":{"@id":"https:\/\/chronik.berliner-verkehr.de\/#\/schema\/person\/0aafc2c308e915dc30d0c77868efda48"},"breadcrumb":{"@id":"https:\/\/chronik.berliner-verkehr.de\/?p=8068#breadcrumb"},"inLanguage":"de","potentialAction":[{"@type":"ReadAction","target":["https:\/\/chronik.berliner-verkehr.de\/?p=8068"]}]},{"@type":"BreadcrumbList","@id":"https:\/\/chronik.berliner-verkehr.de\/?p=8068#breadcrumb","itemListElement":[{"@type":"ListItem","position":1,"name":"Startseite","item":"https:\/\/chronik.berliner-verkehr.de\/"},{"@type":"ListItem","position":2,"name":"2000-02-05 M-Bahn: Entscheidung des Verkehrsministers Reinhard Klimmt, da\u00df dieses System nicht auf der favorisierten und bereits weitgehend planfestgestellten Trasse zwischen Berlin und Hamburg \u00fcber Schwerin gebaut wird"}]},{"@type":"WebSite","@id":"https:\/\/chronik.berliner-verkehr.de\/#website","url":"https:\/\/chronik.berliner-verkehr.de\/","name":"Chronik Berlin","description":"Chronik von Berlin:Verkehr","potentialAction":[{"@type":"SearchAction","target":{"@type":"EntryPoint","urlTemplate":"https:\/\/chronik.berliner-verkehr.de\/?s={search_term_string}"},"query-input":{"@type":"PropertyValueSpecification","valueRequired":true,"valueName":"search_term_string"}}],"inLanguage":"de"},{"@type":"Person","@id":"https:\/\/chronik.berliner-verkehr.de\/#\/schema\/person\/0aafc2c308e915dc30d0c77868efda48","name":"ralfbj70","image":{"@type":"ImageObject","inLanguage":"de","@id":"https:\/\/secure.gravatar.com\/avatar\/ea0988e51fb7b4df6a45e2826bf423f784b45c1f3c7d412d22f1551a136ffc12?s=96&d=mm&r=g","url":"https:\/\/secure.gravatar.com\/avatar\/ea0988e51fb7b4df6a45e2826bf423f784b45c1f3c7d412d22f1551a136ffc12?s=96&d=mm&r=g","contentUrl":"https:\/\/secure.gravatar.com\/avatar\/ea0988e51fb7b4df6a45e2826bf423f784b45c1f3c7d412d22f1551a136ffc12?s=96&d=mm&r=g","caption":"ralfbj70"},"url":"https:\/\/chronik.berliner-verkehr.de\/?author=1"}]}},"_links":{"self":[{"href":"https:\/\/chronik.berliner-verkehr.de\/index.php?rest_route=\/wp\/v2\/posts\/8068","targetHints":{"allow":["GET"]}}],"collection":[{"href":"https:\/\/chronik.berliner-verkehr.de\/index.php?rest_route=\/wp\/v2\/posts"}],"about":[{"href":"https:\/\/chronik.berliner-verkehr.de\/index.php?rest_route=\/wp\/v2\/types\/post"}],"author":[{"embeddable":true,"href":"https:\/\/chronik.berliner-verkehr.de\/index.php?rest_route=\/wp\/v2\/users\/1"}],"replies":[{"embeddable":true,"href":"https:\/\/chronik.berliner-verkehr.de\/index.php?rest_route=%2Fwp%2Fv2%2Fcomments&post=8068"}],"version-history":[{"count":2,"href":"https:\/\/chronik.berliner-verkehr.de\/index.php?rest_route=\/wp\/v2\/posts\/8068\/revisions"}],"predecessor-version":[{"id":8070,"href":"https:\/\/chronik.berliner-verkehr.de\/index.php?rest_route=\/wp\/v2\/posts\/8068\/revisions\/8070"}],"wp:attachment":[{"href":"https:\/\/chronik.berliner-verkehr.de\/index.php?rest_route=%2Fwp%2Fv2%2Fmedia&parent=8068"}],"curies":[{"name":"wp","href":"https:\/\/api.w.org\/{rel}","templated":true}]}}