{"id":8933,"date":"2003-06-20T13:34:37","date_gmt":"2003-06-20T11:34:37","guid":{"rendered":"https:\/\/chronik.berliner-verkehr.de\/?p=8933"},"modified":"2022-03-15T13:34:48","modified_gmt":"2022-03-15T12:34:48","slug":"2003-06-20-fahrplan-das-s-und-u-bahn-angebot-wird-jetzt-in-den-wochenendnaechten-in-berlin-erheblich-erweitert","status":"publish","type":"post","link":"https:\/\/chronik.berliner-verkehr.de\/?p=8933","title":{"rendered":"2003-06-20 Fahrplan: Das S- und U-Bahn-Angebot wird jetzt in den Wochenendn\u00e4chten in Berlin erheblich erweitert"},"content":{"rendered":"\n<p>Das S- und U-Bahn-Angebot wird jetzt in den Wochenendn\u00e4chten in Berlin erheblich erweitert. K\u00fcnftig transportieren von Freitag bis Sonntag und an Feiertagen sieben U-Bahn-Linien Fahrg\u00e4ste rund um die Uhr. Die U-Bahn-Linien 15, 2, 5, 6, 7, 8 und 9 fahren im 24-Stunden-Betrieb. Allerdings werden Nachtbusse, die bislang parallel zu den U-Bahn-Linien fuhren, an Wochenenden eingestellt. Zudem l\u00e4sst die S-Bahn ihre Z\u00fcge an Wochenenden nachts in der Innenstadt und auf dem S\u00fcd- und Ostring im 15-Minuten-Takt fahren.<\/p>\n\n\n\n<p>(Quelle: Berlin-Chronik, Online-Version, hrsg. vom Landesarchiv Berlin. &#8211; URL: http:\/\/www.berlin-chronik.de (Stand: 15.03.2022))<\/p>\n","protected":false},"excerpt":{"rendered":"<p>Das S- und U-Bahn-Angebot wird jetzt in den Wochenendn\u00e4chten in Berlin erheblich erweitert. K\u00fcnftig transportieren von Freitag bis Sonntag und an Feiertagen sieben U-Bahn-Linien Fahrg\u00e4ste rund um die Uhr. Die U-Bahn-Linien 15, 2, 5, 6, 7, 8 und 9 fahren im 24-Stunden-Betrieb. Allerdings werden Nachtbusse, die bislang parallel zu den U-Bahn-Linien fuhren, an Wochenenden eingestellt. &hellip; <a href=\"https:\/\/chronik.berliner-verkehr.de\/?p=8933\" class=\"more-link\"><span class=\"screen-reader-text\">\u201e2003-06-20 Fahrplan: Das S- und U-Bahn-Angebot wird jetzt in den Wochenendn\u00e4chten in Berlin erheblich erweitert\u201c <\/span>weiterlesen<\/a><\/p>\n","protected":false},"author":1,"featured_media":0,"comment_status":"closed","ping_status":"open","sticky":false,"template":"","format":"standard","meta":{"footnotes":""},"class_list":["post-8933","post","type-post","status-publish","format-standard","hentry","category-fahrplantarif","category-s-bahn","category-u-bahn"],"yoast_head":"<!-- This site is optimized with the Yoast SEO plugin v27.4 - https:\/\/yoast.com\/product\/yoast-seo-wordpress\/ -->\n<title>2003-06-20 Fahrplan: Das S- und U-Bahn-Angebot wird jetzt in den Wochenendn\u00e4chten in Berlin erheblich erweitert - Chronik Berlin<\/title>\n<meta name=\"robots\" content=\"index, follow, max-snippet:-1, max-image-preview:large, max-video-preview:-1\" \/>\n<link rel=\"canonical\" href=\"https:\/\/chronik.berliner-verkehr.de\/?p=8933\" \/>\n<meta property=\"og:locale\" content=\"de_DE\" \/>\n<meta property=\"og:type\" content=\"article\" \/>\n<meta property=\"og:title\" content=\"2003-06-20 Fahrplan: Das S- und U-Bahn-Angebot wird jetzt in den Wochenendn\u00e4chten in Berlin erheblich erweitert - Chronik Berlin\" \/>\n<meta property=\"og:description\" content=\"Das S- und U-Bahn-Angebot wird jetzt in den Wochenendn\u00e4chten in Berlin erheblich erweitert. K\u00fcnftig transportieren von Freitag bis Sonntag und an Feiertagen sieben U-Bahn-Linien Fahrg\u00e4ste rund um die Uhr. Die U-Bahn-Linien 15, 2, 5, 6, 7, 8 und 9 fahren im 24-Stunden-Betrieb. Allerdings werden Nachtbusse, die bislang parallel zu den U-Bahn-Linien fuhren, an Wochenenden eingestellt. &hellip; \u201e2003-06-20 Fahrplan: Das S- und U-Bahn-Angebot wird jetzt in den Wochenendn\u00e4chten in Berlin erheblich erweitert\u201c weiterlesen\" \/>\n<meta property=\"og:url\" content=\"https:\/\/chronik.berliner-verkehr.de\/?p=8933\" \/>\n<meta property=\"og:site_name\" content=\"Chronik Berlin\" \/>\n<meta property=\"article:published_time\" content=\"2003-06-20T11:34:37+00:00\" \/>\n<meta property=\"article:modified_time\" content=\"2022-03-15T12:34:48+00:00\" \/>\n<meta name=\"author\" content=\"ralfbj70\" \/>\n<meta name=\"twitter:card\" content=\"summary_large_image\" \/>\n<meta name=\"twitter:label1\" content=\"Verfasst von\" \/>\n\t<meta name=\"twitter:data1\" content=\"ralfbj70\" \/>\n<script type=\"application\/ld+json\" class=\"yoast-schema-graph\">{\"@context\":\"https:\\\/\\\/schema.org\",\"@graph\":[{\"@type\":\"Article\",\"@id\":\"https:\\\/\\\/chronik.berliner-verkehr.de\\\/?p=8933#article\",\"isPartOf\":{\"@id\":\"https:\\\/\\\/chronik.berliner-verkehr.de\\\/?p=8933\"},\"author\":{\"name\":\"ralfbj70\",\"@id\":\"https:\\\/\\\/chronik.berliner-verkehr.de\\\/#\\\/schema\\\/person\\\/0aafc2c308e915dc30d0c77868efda48\"},\"headline\":\"2003-06-20 Fahrplan: Das S- und U-Bahn-Angebot wird jetzt in den Wochenendn\u00e4chten in Berlin erheblich erweitert\",\"datePublished\":\"2003-06-20T11:34:37+00:00\",\"dateModified\":\"2022-03-15T12:34:48+00:00\",\"mainEntityOfPage\":{\"@id\":\"https:\\\/\\\/chronik.berliner-verkehr.de\\\/?p=8933\"},\"wordCount\":106,\"articleSection\":[\"Fahrplan+Tarif\",\"S-Bahn\",\"U-Bahn\"],\"inLanguage\":\"de\"},{\"@type\":\"WebPage\",\"@id\":\"https:\\\/\\\/chronik.berliner-verkehr.de\\\/?p=8933\",\"url\":\"https:\\\/\\\/chronik.berliner-verkehr.de\\\/?p=8933\",\"name\":\"2003-06-20 Fahrplan: Das S- und U-Bahn-Angebot wird jetzt in den Wochenendn\u00e4chten in Berlin erheblich erweitert - Chronik Berlin\",\"isPartOf\":{\"@id\":\"https:\\\/\\\/chronik.berliner-verkehr.de\\\/#website\"},\"datePublished\":\"2003-06-20T11:34:37+00:00\",\"dateModified\":\"2022-03-15T12:34:48+00:00\",\"author\":{\"@id\":\"https:\\\/\\\/chronik.berliner-verkehr.de\\\/#\\\/schema\\\/person\\\/0aafc2c308e915dc30d0c77868efda48\"},\"breadcrumb\":{\"@id\":\"https:\\\/\\\/chronik.berliner-verkehr.de\\\/?p=8933#breadcrumb\"},\"inLanguage\":\"de\",\"potentialAction\":[{\"@type\":\"ReadAction\",\"target\":[\"https:\\\/\\\/chronik.berliner-verkehr.de\\\/?p=8933\"]}]},{\"@type\":\"BreadcrumbList\",\"@id\":\"https:\\\/\\\/chronik.berliner-verkehr.de\\\/?p=8933#breadcrumb\",\"itemListElement\":[{\"@type\":\"ListItem\",\"position\":1,\"name\":\"Startseite\",\"item\":\"https:\\\/\\\/chronik.berliner-verkehr.de\\\/\"},{\"@type\":\"ListItem\",\"position\":2,\"name\":\"2003-06-20 Fahrplan: Das S- und U-Bahn-Angebot wird jetzt in den Wochenendn\u00e4chten in Berlin erheblich erweitert\"}]},{\"@type\":\"WebSite\",\"@id\":\"https:\\\/\\\/chronik.berliner-verkehr.de\\\/#website\",\"url\":\"https:\\\/\\\/chronik.berliner-verkehr.de\\\/\",\"name\":\"Chronik Berlin\",\"description\":\"Chronik von Berlin:Verkehr\",\"potentialAction\":[{\"@type\":\"SearchAction\",\"target\":{\"@type\":\"EntryPoint\",\"urlTemplate\":\"https:\\\/\\\/chronik.berliner-verkehr.de\\\/?s={search_term_string}\"},\"query-input\":{\"@type\":\"PropertyValueSpecification\",\"valueRequired\":true,\"valueName\":\"search_term_string\"}}],\"inLanguage\":\"de\"},{\"@type\":\"Person\",\"@id\":\"https:\\\/\\\/chronik.berliner-verkehr.de\\\/#\\\/schema\\\/person\\\/0aafc2c308e915dc30d0c77868efda48\",\"name\":\"ralfbj70\",\"image\":{\"@type\":\"ImageObject\",\"inLanguage\":\"de\",\"@id\":\"https:\\\/\\\/secure.gravatar.com\\\/avatar\\\/ea0988e51fb7b4df6a45e2826bf423f784b45c1f3c7d412d22f1551a136ffc12?s=96&d=mm&r=g\",\"url\":\"https:\\\/\\\/secure.gravatar.com\\\/avatar\\\/ea0988e51fb7b4df6a45e2826bf423f784b45c1f3c7d412d22f1551a136ffc12?s=96&d=mm&r=g\",\"contentUrl\":\"https:\\\/\\\/secure.gravatar.com\\\/avatar\\\/ea0988e51fb7b4df6a45e2826bf423f784b45c1f3c7d412d22f1551a136ffc12?s=96&d=mm&r=g\",\"caption\":\"ralfbj70\"},\"url\":\"https:\\\/\\\/chronik.berliner-verkehr.de\\\/?author=1\"}]}<\/script>\n<!-- \/ Yoast SEO plugin. -->","yoast_head_json":{"title":"2003-06-20 Fahrplan: Das S- und U-Bahn-Angebot wird jetzt in den Wochenendn\u00e4chten in Berlin erheblich erweitert - Chronik Berlin","robots":{"index":"index","follow":"follow","max-snippet":"max-snippet:-1","max-image-preview":"max-image-preview:large","max-video-preview":"max-video-preview:-1"},"canonical":"https:\/\/chronik.berliner-verkehr.de\/?p=8933","og_locale":"de_DE","og_type":"article","og_title":"2003-06-20 Fahrplan: Das S- und U-Bahn-Angebot wird jetzt in den Wochenendn\u00e4chten in Berlin erheblich erweitert - Chronik Berlin","og_description":"Das S- und U-Bahn-Angebot wird jetzt in den Wochenendn\u00e4chten in Berlin erheblich erweitert. K\u00fcnftig transportieren von Freitag bis Sonntag und an Feiertagen sieben U-Bahn-Linien Fahrg\u00e4ste rund um die Uhr. Die U-Bahn-Linien 15, 2, 5, 6, 7, 8 und 9 fahren im 24-Stunden-Betrieb. Allerdings werden Nachtbusse, die bislang parallel zu den U-Bahn-Linien fuhren, an Wochenenden eingestellt. &hellip; \u201e2003-06-20 Fahrplan: Das S- und U-Bahn-Angebot wird jetzt in den Wochenendn\u00e4chten in Berlin erheblich erweitert\u201c weiterlesen","og_url":"https:\/\/chronik.berliner-verkehr.de\/?p=8933","og_site_name":"Chronik Berlin","article_published_time":"2003-06-20T11:34:37+00:00","article_modified_time":"2022-03-15T12:34:48+00:00","author":"ralfbj70","twitter_card":"summary_large_image","twitter_misc":{"Verfasst von":"ralfbj70"},"schema":{"@context":"https:\/\/schema.org","@graph":[{"@type":"Article","@id":"https:\/\/chronik.berliner-verkehr.de\/?p=8933#article","isPartOf":{"@id":"https:\/\/chronik.berliner-verkehr.de\/?p=8933"},"author":{"name":"ralfbj70","@id":"https:\/\/chronik.berliner-verkehr.de\/#\/schema\/person\/0aafc2c308e915dc30d0c77868efda48"},"headline":"2003-06-20 Fahrplan: Das S- und U-Bahn-Angebot wird jetzt in den Wochenendn\u00e4chten in Berlin erheblich erweitert","datePublished":"2003-06-20T11:34:37+00:00","dateModified":"2022-03-15T12:34:48+00:00","mainEntityOfPage":{"@id":"https:\/\/chronik.berliner-verkehr.de\/?p=8933"},"wordCount":106,"articleSection":["Fahrplan+Tarif","S-Bahn","U-Bahn"],"inLanguage":"de"},{"@type":"WebPage","@id":"https:\/\/chronik.berliner-verkehr.de\/?p=8933","url":"https:\/\/chronik.berliner-verkehr.de\/?p=8933","name":"2003-06-20 Fahrplan: Das S- und U-Bahn-Angebot wird jetzt in den Wochenendn\u00e4chten in Berlin erheblich erweitert - Chronik Berlin","isPartOf":{"@id":"https:\/\/chronik.berliner-verkehr.de\/#website"},"datePublished":"2003-06-20T11:34:37+00:00","dateModified":"2022-03-15T12:34:48+00:00","author":{"@id":"https:\/\/chronik.berliner-verkehr.de\/#\/schema\/person\/0aafc2c308e915dc30d0c77868efda48"},"breadcrumb":{"@id":"https:\/\/chronik.berliner-verkehr.de\/?p=8933#breadcrumb"},"inLanguage":"de","potentialAction":[{"@type":"ReadAction","target":["https:\/\/chronik.berliner-verkehr.de\/?p=8933"]}]},{"@type":"BreadcrumbList","@id":"https:\/\/chronik.berliner-verkehr.de\/?p=8933#breadcrumb","itemListElement":[{"@type":"ListItem","position":1,"name":"Startseite","item":"https:\/\/chronik.berliner-verkehr.de\/"},{"@type":"ListItem","position":2,"name":"2003-06-20 Fahrplan: Das S- und U-Bahn-Angebot wird jetzt in den Wochenendn\u00e4chten in Berlin erheblich erweitert"}]},{"@type":"WebSite","@id":"https:\/\/chronik.berliner-verkehr.de\/#website","url":"https:\/\/chronik.berliner-verkehr.de\/","name":"Chronik Berlin","description":"Chronik von Berlin:Verkehr","potentialAction":[{"@type":"SearchAction","target":{"@type":"EntryPoint","urlTemplate":"https:\/\/chronik.berliner-verkehr.de\/?s={search_term_string}"},"query-input":{"@type":"PropertyValueSpecification","valueRequired":true,"valueName":"search_term_string"}}],"inLanguage":"de"},{"@type":"Person","@id":"https:\/\/chronik.berliner-verkehr.de\/#\/schema\/person\/0aafc2c308e915dc30d0c77868efda48","name":"ralfbj70","image":{"@type":"ImageObject","inLanguage":"de","@id":"https:\/\/secure.gravatar.com\/avatar\/ea0988e51fb7b4df6a45e2826bf423f784b45c1f3c7d412d22f1551a136ffc12?s=96&d=mm&r=g","url":"https:\/\/secure.gravatar.com\/avatar\/ea0988e51fb7b4df6a45e2826bf423f784b45c1f3c7d412d22f1551a136ffc12?s=96&d=mm&r=g","contentUrl":"https:\/\/secure.gravatar.com\/avatar\/ea0988e51fb7b4df6a45e2826bf423f784b45c1f3c7d412d22f1551a136ffc12?s=96&d=mm&r=g","caption":"ralfbj70"},"url":"https:\/\/chronik.berliner-verkehr.de\/?author=1"}]}},"_links":{"self":[{"href":"https:\/\/chronik.berliner-verkehr.de\/index.php?rest_route=\/wp\/v2\/posts\/8933","targetHints":{"allow":["GET"]}}],"collection":[{"href":"https:\/\/chronik.berliner-verkehr.de\/index.php?rest_route=\/wp\/v2\/posts"}],"about":[{"href":"https:\/\/chronik.berliner-verkehr.de\/index.php?rest_route=\/wp\/v2\/types\/post"}],"author":[{"embeddable":true,"href":"https:\/\/chronik.berliner-verkehr.de\/index.php?rest_route=\/wp\/v2\/users\/1"}],"replies":[{"embeddable":true,"href":"https:\/\/chronik.berliner-verkehr.de\/index.php?rest_route=%2Fwp%2Fv2%2Fcomments&post=8933"}],"version-history":[{"count":1,"href":"https:\/\/chronik.berliner-verkehr.de\/index.php?rest_route=\/wp\/v2\/posts\/8933\/revisions"}],"predecessor-version":[{"id":8934,"href":"https:\/\/chronik.berliner-verkehr.de\/index.php?rest_route=\/wp\/v2\/posts\/8933\/revisions\/8934"}],"wp:attachment":[{"href":"https:\/\/chronik.berliner-verkehr.de\/index.php?rest_route=%2Fwp%2Fv2%2Fmedia&parent=8933"}],"curies":[{"name":"wp","href":"https:\/\/api.w.org\/{rel}","templated":true}]}}