{"id":9618,"date":"2003-08-01T10:36:17","date_gmt":"2003-08-01T08:36:17","guid":{"rendered":"https:\/\/chronik.berliner-verkehr.de\/?p=9618"},"modified":"2022-04-10T10:36:28","modified_gmt":"2022-04-10T08:36:28","slug":"2003-08-01-tarife-tarifanpassung","status":"publish","type":"post","link":"https:\/\/chronik.berliner-verkehr.de\/?p=9618","title":{"rendered":"2003-08-01 Tarife: Tarifanpassung"},"content":{"rendered":"\n<p>Der Aufsichtsrat des Verkehrsverbundes Berlin\/Brandenburg (VBB) beschlo\u00df am 21. Januar 2003 eine Fahrpreiserh\u00f6hung um rund drei Prozent. Auch die Berliner Senatsvertreter im Aufsichtsrat stimmten f\u00fcr eine Erh\u00f6hung. Die letzte Fahrpreiserh\u00f6hung fand am 1. August 2001 statt. Nicht erh\u00f6ht werden die Preise f\u00fcr die Kurzstrecke und den Anschlu\u00dffahrschein, gesenkt werden sie f\u00fcr Tageskarten und Kleingruppenkarten.<\/p>\n\n\n\n<p>Einzelfahrschein AB jetzt 2,20 \u20ac statt 2,10 \u20ac.<\/p>\n\n\n\n<p>(Quelle: BVB 03\/03)<\/p>\n","protected":false},"excerpt":{"rendered":"<p>Der Aufsichtsrat des Verkehrsverbundes Berlin\/Brandenburg (VBB) beschlo\u00df am 21. Januar 2003 eine Fahrpreiserh\u00f6hung um rund drei Prozent. Auch die Berliner Senatsvertreter im Aufsichtsrat stimmten f\u00fcr eine Erh\u00f6hung. Die letzte Fahrpreiserh\u00f6hung fand am 1. August 2001 statt. Nicht erh\u00f6ht werden die Preise f\u00fcr die Kurzstrecke und den Anschlu\u00dffahrschein, gesenkt werden sie f\u00fcr Tageskarten und Kleingruppenkarten. Einzelfahrschein &hellip; <a href=\"https:\/\/chronik.berliner-verkehr.de\/?p=9618\" class=\"more-link\"><span class=\"screen-reader-text\">\u201e2003-08-01 Tarife: Tarifanpassung\u201c <\/span>weiterlesen<\/a><\/p>\n","protected":false},"author":1,"featured_media":0,"comment_status":"closed","ping_status":"open","sticky":false,"template":"","format":"standard","meta":{"footnotes":""},"class_list":["post-9618","post","type-post","status-publish","format-standard","hentry","category-fahrplantarif","category-verkehrsverbund"],"yoast_head":"<!-- This site is optimized with the Yoast SEO plugin v27.4 - https:\/\/yoast.com\/product\/yoast-seo-wordpress\/ -->\n<title>2003-08-01 Tarife: Tarifanpassung - Chronik Berlin<\/title>\n<meta name=\"robots\" content=\"index, follow, max-snippet:-1, max-image-preview:large, max-video-preview:-1\" \/>\n<link rel=\"canonical\" href=\"https:\/\/chronik.berliner-verkehr.de\/?p=9618\" \/>\n<meta property=\"og:locale\" content=\"de_DE\" \/>\n<meta property=\"og:type\" content=\"article\" \/>\n<meta property=\"og:title\" content=\"2003-08-01 Tarife: Tarifanpassung - Chronik Berlin\" \/>\n<meta property=\"og:description\" content=\"Der Aufsichtsrat des Verkehrsverbundes Berlin\/Brandenburg (VBB) beschlo\u00df am 21. Januar 2003 eine Fahrpreiserh\u00f6hung um rund drei Prozent. Auch die Berliner Senatsvertreter im Aufsichtsrat stimmten f\u00fcr eine Erh\u00f6hung. Die letzte Fahrpreiserh\u00f6hung fand am 1. August 2001 statt. Nicht erh\u00f6ht werden die Preise f\u00fcr die Kurzstrecke und den Anschlu\u00dffahrschein, gesenkt werden sie f\u00fcr Tageskarten und Kleingruppenkarten. Einzelfahrschein &hellip; \u201e2003-08-01 Tarife: Tarifanpassung\u201c weiterlesen\" \/>\n<meta property=\"og:url\" content=\"https:\/\/chronik.berliner-verkehr.de\/?p=9618\" \/>\n<meta property=\"og:site_name\" content=\"Chronik Berlin\" \/>\n<meta property=\"article:published_time\" content=\"2003-08-01T08:36:17+00:00\" \/>\n<meta property=\"article:modified_time\" content=\"2022-04-10T08:36:28+00:00\" \/>\n<meta name=\"author\" content=\"ralfbj70\" \/>\n<meta name=\"twitter:card\" content=\"summary_large_image\" \/>\n<meta name=\"twitter:label1\" content=\"Verfasst von\" \/>\n\t<meta name=\"twitter:data1\" content=\"ralfbj70\" \/>\n<script type=\"application\/ld+json\" class=\"yoast-schema-graph\">{\"@context\":\"https:\\\/\\\/schema.org\",\"@graph\":[{\"@type\":\"Article\",\"@id\":\"https:\\\/\\\/chronik.berliner-verkehr.de\\\/?p=9618#article\",\"isPartOf\":{\"@id\":\"https:\\\/\\\/chronik.berliner-verkehr.de\\\/?p=9618\"},\"author\":{\"name\":\"ralfbj70\",\"@id\":\"https:\\\/\\\/chronik.berliner-verkehr.de\\\/#\\\/schema\\\/person\\\/0aafc2c308e915dc30d0c77868efda48\"},\"headline\":\"2003-08-01 Tarife: Tarifanpassung\",\"datePublished\":\"2003-08-01T08:36:17+00:00\",\"dateModified\":\"2022-04-10T08:36:28+00:00\",\"mainEntityOfPage\":{\"@id\":\"https:\\\/\\\/chronik.berliner-verkehr.de\\\/?p=9618\"},\"wordCount\":69,\"articleSection\":[\"Fahrplan+Tarif\",\"Verkehrsverbund\"],\"inLanguage\":\"de\"},{\"@type\":\"WebPage\",\"@id\":\"https:\\\/\\\/chronik.berliner-verkehr.de\\\/?p=9618\",\"url\":\"https:\\\/\\\/chronik.berliner-verkehr.de\\\/?p=9618\",\"name\":\"2003-08-01 Tarife: Tarifanpassung - Chronik Berlin\",\"isPartOf\":{\"@id\":\"https:\\\/\\\/chronik.berliner-verkehr.de\\\/#website\"},\"datePublished\":\"2003-08-01T08:36:17+00:00\",\"dateModified\":\"2022-04-10T08:36:28+00:00\",\"author\":{\"@id\":\"https:\\\/\\\/chronik.berliner-verkehr.de\\\/#\\\/schema\\\/person\\\/0aafc2c308e915dc30d0c77868efda48\"},\"breadcrumb\":{\"@id\":\"https:\\\/\\\/chronik.berliner-verkehr.de\\\/?p=9618#breadcrumb\"},\"inLanguage\":\"de\",\"potentialAction\":[{\"@type\":\"ReadAction\",\"target\":[\"https:\\\/\\\/chronik.berliner-verkehr.de\\\/?p=9618\"]}]},{\"@type\":\"BreadcrumbList\",\"@id\":\"https:\\\/\\\/chronik.berliner-verkehr.de\\\/?p=9618#breadcrumb\",\"itemListElement\":[{\"@type\":\"ListItem\",\"position\":1,\"name\":\"Startseite\",\"item\":\"https:\\\/\\\/chronik.berliner-verkehr.de\\\/\"},{\"@type\":\"ListItem\",\"position\":2,\"name\":\"2003-08-01 Tarife: Tarifanpassung\"}]},{\"@type\":\"WebSite\",\"@id\":\"https:\\\/\\\/chronik.berliner-verkehr.de\\\/#website\",\"url\":\"https:\\\/\\\/chronik.berliner-verkehr.de\\\/\",\"name\":\"Chronik Berlin\",\"description\":\"Chronik von Berlin:Verkehr\",\"potentialAction\":[{\"@type\":\"SearchAction\",\"target\":{\"@type\":\"EntryPoint\",\"urlTemplate\":\"https:\\\/\\\/chronik.berliner-verkehr.de\\\/?s={search_term_string}\"},\"query-input\":{\"@type\":\"PropertyValueSpecification\",\"valueRequired\":true,\"valueName\":\"search_term_string\"}}],\"inLanguage\":\"de\"},{\"@type\":\"Person\",\"@id\":\"https:\\\/\\\/chronik.berliner-verkehr.de\\\/#\\\/schema\\\/person\\\/0aafc2c308e915dc30d0c77868efda48\",\"name\":\"ralfbj70\",\"image\":{\"@type\":\"ImageObject\",\"inLanguage\":\"de\",\"@id\":\"https:\\\/\\\/secure.gravatar.com\\\/avatar\\\/ea0988e51fb7b4df6a45e2826bf423f784b45c1f3c7d412d22f1551a136ffc12?s=96&d=mm&r=g\",\"url\":\"https:\\\/\\\/secure.gravatar.com\\\/avatar\\\/ea0988e51fb7b4df6a45e2826bf423f784b45c1f3c7d412d22f1551a136ffc12?s=96&d=mm&r=g\",\"contentUrl\":\"https:\\\/\\\/secure.gravatar.com\\\/avatar\\\/ea0988e51fb7b4df6a45e2826bf423f784b45c1f3c7d412d22f1551a136ffc12?s=96&d=mm&r=g\",\"caption\":\"ralfbj70\"},\"url\":\"https:\\\/\\\/chronik.berliner-verkehr.de\\\/?author=1\"}]}<\/script>\n<!-- \/ Yoast SEO plugin. -->","yoast_head_json":{"title":"2003-08-01 Tarife: Tarifanpassung - Chronik Berlin","robots":{"index":"index","follow":"follow","max-snippet":"max-snippet:-1","max-image-preview":"max-image-preview:large","max-video-preview":"max-video-preview:-1"},"canonical":"https:\/\/chronik.berliner-verkehr.de\/?p=9618","og_locale":"de_DE","og_type":"article","og_title":"2003-08-01 Tarife: Tarifanpassung - Chronik Berlin","og_description":"Der Aufsichtsrat des Verkehrsverbundes Berlin\/Brandenburg (VBB) beschlo\u00df am 21. Januar 2003 eine Fahrpreiserh\u00f6hung um rund drei Prozent. Auch die Berliner Senatsvertreter im Aufsichtsrat stimmten f\u00fcr eine Erh\u00f6hung. Die letzte Fahrpreiserh\u00f6hung fand am 1. August 2001 statt. Nicht erh\u00f6ht werden die Preise f\u00fcr die Kurzstrecke und den Anschlu\u00dffahrschein, gesenkt werden sie f\u00fcr Tageskarten und Kleingruppenkarten. Einzelfahrschein &hellip; \u201e2003-08-01 Tarife: Tarifanpassung\u201c weiterlesen","og_url":"https:\/\/chronik.berliner-verkehr.de\/?p=9618","og_site_name":"Chronik Berlin","article_published_time":"2003-08-01T08:36:17+00:00","article_modified_time":"2022-04-10T08:36:28+00:00","author":"ralfbj70","twitter_card":"summary_large_image","twitter_misc":{"Verfasst von":"ralfbj70"},"schema":{"@context":"https:\/\/schema.org","@graph":[{"@type":"Article","@id":"https:\/\/chronik.berliner-verkehr.de\/?p=9618#article","isPartOf":{"@id":"https:\/\/chronik.berliner-verkehr.de\/?p=9618"},"author":{"name":"ralfbj70","@id":"https:\/\/chronik.berliner-verkehr.de\/#\/schema\/person\/0aafc2c308e915dc30d0c77868efda48"},"headline":"2003-08-01 Tarife: Tarifanpassung","datePublished":"2003-08-01T08:36:17+00:00","dateModified":"2022-04-10T08:36:28+00:00","mainEntityOfPage":{"@id":"https:\/\/chronik.berliner-verkehr.de\/?p=9618"},"wordCount":69,"articleSection":["Fahrplan+Tarif","Verkehrsverbund"],"inLanguage":"de"},{"@type":"WebPage","@id":"https:\/\/chronik.berliner-verkehr.de\/?p=9618","url":"https:\/\/chronik.berliner-verkehr.de\/?p=9618","name":"2003-08-01 Tarife: Tarifanpassung - Chronik Berlin","isPartOf":{"@id":"https:\/\/chronik.berliner-verkehr.de\/#website"},"datePublished":"2003-08-01T08:36:17+00:00","dateModified":"2022-04-10T08:36:28+00:00","author":{"@id":"https:\/\/chronik.berliner-verkehr.de\/#\/schema\/person\/0aafc2c308e915dc30d0c77868efda48"},"breadcrumb":{"@id":"https:\/\/chronik.berliner-verkehr.de\/?p=9618#breadcrumb"},"inLanguage":"de","potentialAction":[{"@type":"ReadAction","target":["https:\/\/chronik.berliner-verkehr.de\/?p=9618"]}]},{"@type":"BreadcrumbList","@id":"https:\/\/chronik.berliner-verkehr.de\/?p=9618#breadcrumb","itemListElement":[{"@type":"ListItem","position":1,"name":"Startseite","item":"https:\/\/chronik.berliner-verkehr.de\/"},{"@type":"ListItem","position":2,"name":"2003-08-01 Tarife: Tarifanpassung"}]},{"@type":"WebSite","@id":"https:\/\/chronik.berliner-verkehr.de\/#website","url":"https:\/\/chronik.berliner-verkehr.de\/","name":"Chronik Berlin","description":"Chronik von Berlin:Verkehr","potentialAction":[{"@type":"SearchAction","target":{"@type":"EntryPoint","urlTemplate":"https:\/\/chronik.berliner-verkehr.de\/?s={search_term_string}"},"query-input":{"@type":"PropertyValueSpecification","valueRequired":true,"valueName":"search_term_string"}}],"inLanguage":"de"},{"@type":"Person","@id":"https:\/\/chronik.berliner-verkehr.de\/#\/schema\/person\/0aafc2c308e915dc30d0c77868efda48","name":"ralfbj70","image":{"@type":"ImageObject","inLanguage":"de","@id":"https:\/\/secure.gravatar.com\/avatar\/ea0988e51fb7b4df6a45e2826bf423f784b45c1f3c7d412d22f1551a136ffc12?s=96&d=mm&r=g","url":"https:\/\/secure.gravatar.com\/avatar\/ea0988e51fb7b4df6a45e2826bf423f784b45c1f3c7d412d22f1551a136ffc12?s=96&d=mm&r=g","contentUrl":"https:\/\/secure.gravatar.com\/avatar\/ea0988e51fb7b4df6a45e2826bf423f784b45c1f3c7d412d22f1551a136ffc12?s=96&d=mm&r=g","caption":"ralfbj70"},"url":"https:\/\/chronik.berliner-verkehr.de\/?author=1"}]}},"_links":{"self":[{"href":"https:\/\/chronik.berliner-verkehr.de\/index.php?rest_route=\/wp\/v2\/posts\/9618","targetHints":{"allow":["GET"]}}],"collection":[{"href":"https:\/\/chronik.berliner-verkehr.de\/index.php?rest_route=\/wp\/v2\/posts"}],"about":[{"href":"https:\/\/chronik.berliner-verkehr.de\/index.php?rest_route=\/wp\/v2\/types\/post"}],"author":[{"embeddable":true,"href":"https:\/\/chronik.berliner-verkehr.de\/index.php?rest_route=\/wp\/v2\/users\/1"}],"replies":[{"embeddable":true,"href":"https:\/\/chronik.berliner-verkehr.de\/index.php?rest_route=%2Fwp%2Fv2%2Fcomments&post=9618"}],"version-history":[{"count":1,"href":"https:\/\/chronik.berliner-verkehr.de\/index.php?rest_route=\/wp\/v2\/posts\/9618\/revisions"}],"predecessor-version":[{"id":9619,"href":"https:\/\/chronik.berliner-verkehr.de\/index.php?rest_route=\/wp\/v2\/posts\/9618\/revisions\/9619"}],"wp:attachment":[{"href":"https:\/\/chronik.berliner-verkehr.de\/index.php?rest_route=%2Fwp%2Fv2%2Fmedia&parent=9618"}],"curies":[{"name":"wp","href":"https:\/\/api.w.org\/{rel}","templated":true}]}}