{"id":9748,"date":"2024-01-04T12:15:52","date_gmt":"2024-01-04T11:15:52","guid":{"rendered":"https:\/\/chronik.berliner-verkehr.de\/?p=9748"},"modified":"2024-01-12T12:23:07","modified_gmt":"2024-01-12T11:23:07","slug":"2024-01-04-bvg-henrik-falk-als-bvg-chef-im-amt","status":"publish","type":"post","link":"https:\/\/chronik.berliner-verkehr.de\/?p=9748","title":{"rendered":"2024-01-04 BVG: Henrik Falk als BVG-Chef im Amt"},"content":{"rendered":"\n<p>Das F\u00fchrungsteam der BVG ist seit Jahresbeginn wieder komplett. Nachdem der neue Vorstandsvorsitzende, Henrik Falk, die ersten Tage im Betrieb von Deutschlands gr\u00f6\u00dftem Nahverkehrsunternehmen unterwegs war und mit Mitarbeitenden ins Gespr\u00e4ch gekommen ist, fand heute die interne Begr\u00fc\u00dfung des neuen Vorstandsmitglieds in der BVG-Zentrale in Mitte statt. Gemeinsam mit seinen Vorstandskolleg*innen Jenny Zeller (Personal und Soziales) und Dr. Rolf Erfurt (Betrieb) wird Falk k\u00fcnftig die Geschicke der BVG leiten. <\/p>\n\n\n\n<figure class=\"wp-block-image size-large\"><img loading=\"lazy\" decoding=\"async\" width=\"768\" height=\"1024\" src=\"https:\/\/chronik.berliner-verkehr.de\/wp-content\/uploads\/2024\/01\/2024-01-11-09.07.02-768x1024.jpg\" alt=\"\" class=\"wp-image-9753\" srcset=\"https:\/\/chronik.berliner-verkehr.de\/wp-content\/uploads\/2024\/01\/2024-01-11-09.07.02-768x1024.jpg 768w, https:\/\/chronik.berliner-verkehr.de\/wp-content\/uploads\/2024\/01\/2024-01-11-09.07.02-225x300.jpg 225w, https:\/\/chronik.berliner-verkehr.de\/wp-content\/uploads\/2024\/01\/2024-01-11-09.07.02-1152x1536.jpg 1152w, https:\/\/chronik.berliner-verkehr.de\/wp-content\/uploads\/2024\/01\/2024-01-11-09.07.02-1536x2048.jpg 1536w, https:\/\/chronik.berliner-verkehr.de\/wp-content\/uploads\/2024\/01\/2024-01-11-09.07.02-1200x1600.jpg 1200w, https:\/\/chronik.berliner-verkehr.de\/wp-content\/uploads\/2024\/01\/2024-01-11-09.07.02-scaled.jpg 1920w\" sizes=\"auto, (max-width: 709px) 85vw, (max-width: 909px) 67vw, (max-width: 984px) 61vw, (max-width: 1362px) 45vw, 600px\" \/><figcaption class=\"wp-element-caption\">Foto vom 11.01.2024 bei der Begr\u00fc\u00dfung der neuen U-Bahn Baureihe JK im Bahnhof Olympiastadion<\/figcaption><\/figure>\n\n\n\n<!--more-->\n\n\n\n<p>\u201eIch freue mich auf die gemeinsame Arbeit mit Henrik Falk und bin mir sicher, dass wir an die enge Kooperation und sehr gute Kommunikation zwischen Aufsichtsrat und Vorstand ankn\u00fcpfen werden\u201c, sagte die BVG-Aufsichtsratsvorsitzende und Senatorin f\u00fcr Wirtschaft, Energie und Betriebe, Franziska Giffey. \u201eUnsere gemeinsame Aufgabe ist es, Berlin f\u00fcr die n\u00e4chsten Jahrzehnte zukunftsf\u00e4hig zu machen, an der Vision der Expressmetropole weiterzuarbeiten und die Mobilit\u00e4tswende umzusetzen. Henrik Falk hat in Hamburg schon gezeigt, was in puncto Streckenausbau, der Umstellung auf E-Mobilit\u00e4t und in Sachen Digitalisierung geht. All das ist in der Hauptstadt und f\u00fcr die BVG als einem der gr\u00f6\u00dften Arbeitgeber Berlins und mit mittlerweile \u00fcber einer Million Stammkundinnen und -kunden umso wichtiger. Ich bin mir sicher, dass er mit viel Freude und Leidenschaft die anstehenden Aufgaben anpacken und mit seinen beiden Vorstandskollegen Dr. Rolf Erfurt und Jenny Zeller f\u00fcr eine vertrauensvolle Unternehmenskultur gemeinsam mit den 15.830 Besch\u00e4ftigten sorgen wird.\u201c \u201eBerlin und die BVG, das ist f\u00fcr mich ein gro\u00dfes St\u00fcck Zuhause und eine echte Herzensangelegenheit\u201c, sagte der neue Vorstandsvorsitzende. \u201eGemeinsam mit dem Vorstandsteam und allen Mitarbeitenden der BVG wollen wir Berlin als Mobilit\u00e4tsmetropole massiv nach vorne bringen. Und auch nur gemeinsam werden wir die Herausforderungen, die wir aktuell erleben, meistern. Ich w\u00fcnsche mir, dass wir mit viel Schwung, aber auch mit der n\u00f6tigen Leichtigkeit und Optimismus die gro\u00dfen Aufgaben anpacken.\u201c Personalvorst\u00e4ndin Jenny Zeller freute sich: \u201eMit Henrik Falk kommt nicht nur ein ausgewiesener Fachmann und Top-Manager zur\u00fcck, sondern auch ein Mensch, der mit Humor, Mut und Tatkraft f\u00fcr eine erfolgreiche BVG steht. Er ist nicht nur Vater der finanziell soliden Basis, auf der wir bis heute stehen. Er war auch eine der treibenden Kr\u00e4fte beim erfolgreichen Imagewandel der BVG zu einem coolen Unternehmen, von dem wir auch als Arbeitgeberin bis heute profitieren. Das gelbe Herz und den Hashtag #weilwirdichlieben w\u00fcrde es ohne ihn vermutlich nicht geben.\u201c \u201eIch freue mich sehr, dass unser Trio nun wieder vollz\u00e4hlig ist\u201c, sagte Betriebsvorstand Dr. Rolf Erfurt. \u201eIch erlebe t\u00e4glich, mit welcher Leidenschaft und welchem Einsatz die vielen tausend Kolleg*innen im Betrieb auch in rauen Zeiten ihre Stadt in Bewegung halten. Mit diesem tollen Team und dem jetzt wieder vollz\u00e4hligen Vorstand werden wir die Herausforderungen meistern und zum Motor der Mobilit\u00e4tswende \u2013 davon bin ich \u00fcberzeugt. Gemeinsam f\u00fcr die BVG und f\u00fcr Berlin.\u201c Der neue Vorstandsvorsitzende ist f\u00fcr die BVG ein \u201ealter Bekannter\u201c. Bevor er vor acht Jahren bei der Hamburger Hochbahn AG den Vorstandsvorsitz \u00fcbernahm, war der studierte Jurist in verschiedenen F\u00fchrungspositionen in Deutschlands gr\u00f6\u00dftem Nahverkehrsunternehmen t\u00e4tig. So verantwortete er u.a. die Rechtsabteilung und die BVG-Beteiligungsholding. Von 2008 bis 2015 stand der geb\u00fcrtige Berliner dem Finanz- und Vertriebsressort der BVG als Vorstand vor. 2016 wechselte Henrik Falk an die Spitze des Hamburger \u00d6PNV-Unternehmens und entwickelte dort in den letzten Jahren u.a. den Hamburg-Takt. Dabei setzte er an der Alster auf eine massive Angebotsoffensive, den Ausbau und die Weiterentwicklung von neuen, digitalen Mobilit\u00e4tsformen sowie eine klare Position in Sachen Nachhaltigkeit. Er engagiert sich national und international in den relevanten Branchenverb\u00e4nden als Mitglied des Pr\u00e4sidiums des Verbands Deutscher Verkehrsunternehmen (VDV) sowie als Mitglied des Executive Boards der International Association of Public Transport (UITP) und ber\u00e4t die Bundesregierung als Mitglied der Nationalen Plattform Neue Mobilit\u00e4t.<\/p>\n\n\n\n<p>Quelle: BVG, https:\/\/unternehmen.bvg.de\/pressemitteilung\/707451-2\/<\/p>\n","protected":false},"excerpt":{"rendered":"<p>Das F\u00fchrungsteam der BVG ist seit Jahresbeginn wieder komplett. Nachdem der neue Vorstandsvorsitzende, Henrik Falk, die ersten Tage im Betrieb von Deutschlands gr\u00f6\u00dftem Nahverkehrsunternehmen unterwegs war und mit Mitarbeitenden ins Gespr\u00e4ch gekommen ist, fand heute die interne Begr\u00fc\u00dfung des neuen Vorstandsmitglieds in der BVG-Zentrale in Mitte statt. Gemeinsam mit seinen Vorstandskolleg*innen Jenny Zeller (Personal und &hellip; <a href=\"https:\/\/chronik.berliner-verkehr.de\/?p=9748\" class=\"more-link\"><span class=\"screen-reader-text\">\u201e2024-01-04 BVG: Henrik Falk als BVG-Chef im Amt\u201c <\/span>weiterlesen<\/a><\/p>\n","protected":false},"author":1,"featured_media":0,"comment_status":"closed","ping_status":"open","sticky":false,"template":"","format":"standard","meta":{"footnotes":""},"class_list":["post-9748","post","type-post","status-publish","format-standard","hentry","category-bahnindustrie","category-wirtschaft"],"yoast_head":"<!-- This site is optimized with the Yoast SEO plugin v27.4 - https:\/\/yoast.com\/product\/yoast-seo-wordpress\/ -->\n<title>2024-01-04 BVG: Henrik Falk als BVG-Chef im Amt - Chronik Berlin<\/title>\n<meta name=\"robots\" content=\"index, follow, max-snippet:-1, max-image-preview:large, max-video-preview:-1\" \/>\n<link rel=\"canonical\" href=\"https:\/\/chronik.berliner-verkehr.de\/?p=9748\" \/>\n<meta property=\"og:locale\" content=\"de_DE\" \/>\n<meta property=\"og:type\" content=\"article\" \/>\n<meta property=\"og:title\" content=\"2024-01-04 BVG: Henrik Falk als BVG-Chef im Amt - Chronik Berlin\" \/>\n<meta property=\"og:description\" content=\"Das F\u00fchrungsteam der BVG ist seit Jahresbeginn wieder komplett. Nachdem der neue Vorstandsvorsitzende, Henrik Falk, die ersten Tage im Betrieb von Deutschlands gr\u00f6\u00dftem Nahverkehrsunternehmen unterwegs war und mit Mitarbeitenden ins Gespr\u00e4ch gekommen ist, fand heute die interne Begr\u00fc\u00dfung des neuen Vorstandsmitglieds in der BVG-Zentrale in Mitte statt. Gemeinsam mit seinen Vorstandskolleg*innen Jenny Zeller (Personal und &hellip; \u201e2024-01-04 BVG: Henrik Falk als BVG-Chef im Amt\u201c weiterlesen\" \/>\n<meta property=\"og:url\" content=\"https:\/\/chronik.berliner-verkehr.de\/?p=9748\" \/>\n<meta property=\"og:site_name\" content=\"Chronik Berlin\" \/>\n<meta property=\"article:published_time\" content=\"2024-01-04T11:15:52+00:00\" \/>\n<meta property=\"article:modified_time\" content=\"2024-01-12T11:23:07+00:00\" \/>\n<meta property=\"og:image\" content=\"https:\/\/chronik.berliner-verkehr.de\/wp-content\/uploads\/2024\/01\/2024-01-11-09.07.02-768x1024.jpg\" \/>\n<meta name=\"author\" content=\"ralfbj70\" \/>\n<meta name=\"twitter:card\" content=\"summary_large_image\" \/>\n<meta name=\"twitter:label1\" content=\"Verfasst von\" \/>\n\t<meta name=\"twitter:data1\" content=\"ralfbj70\" \/>\n\t<meta name=\"twitter:label2\" content=\"Gesch\u00e4tzte Lesezeit\" \/>\n\t<meta name=\"twitter:data2\" content=\"4\u00a0Minuten\" \/>\n<script type=\"application\/ld+json\" class=\"yoast-schema-graph\">{\"@context\":\"https:\\\/\\\/schema.org\",\"@graph\":[{\"@type\":\"Article\",\"@id\":\"https:\\\/\\\/chronik.berliner-verkehr.de\\\/?p=9748#article\",\"isPartOf\":{\"@id\":\"https:\\\/\\\/chronik.berliner-verkehr.de\\\/?p=9748\"},\"author\":{\"name\":\"ralfbj70\",\"@id\":\"https:\\\/\\\/chronik.berliner-verkehr.de\\\/#\\\/schema\\\/person\\\/0aafc2c308e915dc30d0c77868efda48\"},\"headline\":\"2024-01-04 BVG: Henrik Falk als BVG-Chef im Amt\",\"datePublished\":\"2024-01-04T11:15:52+00:00\",\"dateModified\":\"2024-01-12T11:23:07+00:00\",\"mainEntityOfPage\":{\"@id\":\"https:\\\/\\\/chronik.berliner-verkehr.de\\\/?p=9748\"},\"wordCount\":671,\"image\":{\"@id\":\"https:\\\/\\\/chronik.berliner-verkehr.de\\\/?p=9748#primaryimage\"},\"thumbnailUrl\":\"https:\\\/\\\/chronik.berliner-verkehr.de\\\/wp-content\\\/uploads\\\/2024\\\/01\\\/2024-01-11-09.07.02-768x1024.jpg\",\"articleSection\":[\"Bahnindustrie\",\"Wirtschaft\"],\"inLanguage\":\"de\"},{\"@type\":\"WebPage\",\"@id\":\"https:\\\/\\\/chronik.berliner-verkehr.de\\\/?p=9748\",\"url\":\"https:\\\/\\\/chronik.berliner-verkehr.de\\\/?p=9748\",\"name\":\"2024-01-04 BVG: Henrik Falk als BVG-Chef im Amt - Chronik Berlin\",\"isPartOf\":{\"@id\":\"https:\\\/\\\/chronik.berliner-verkehr.de\\\/#website\"},\"primaryImageOfPage\":{\"@id\":\"https:\\\/\\\/chronik.berliner-verkehr.de\\\/?p=9748#primaryimage\"},\"image\":{\"@id\":\"https:\\\/\\\/chronik.berliner-verkehr.de\\\/?p=9748#primaryimage\"},\"thumbnailUrl\":\"https:\\\/\\\/chronik.berliner-verkehr.de\\\/wp-content\\\/uploads\\\/2024\\\/01\\\/2024-01-11-09.07.02-768x1024.jpg\",\"datePublished\":\"2024-01-04T11:15:52+00:00\",\"dateModified\":\"2024-01-12T11:23:07+00:00\",\"author\":{\"@id\":\"https:\\\/\\\/chronik.berliner-verkehr.de\\\/#\\\/schema\\\/person\\\/0aafc2c308e915dc30d0c77868efda48\"},\"breadcrumb\":{\"@id\":\"https:\\\/\\\/chronik.berliner-verkehr.de\\\/?p=9748#breadcrumb\"},\"inLanguage\":\"de\",\"potentialAction\":[{\"@type\":\"ReadAction\",\"target\":[\"https:\\\/\\\/chronik.berliner-verkehr.de\\\/?p=9748\"]}]},{\"@type\":\"ImageObject\",\"inLanguage\":\"de\",\"@id\":\"https:\\\/\\\/chronik.berliner-verkehr.de\\\/?p=9748#primaryimage\",\"url\":\"https:\\\/\\\/chronik.berliner-verkehr.de\\\/wp-content\\\/uploads\\\/2024\\\/01\\\/2024-01-11-09.07.02-scaled.jpg\",\"contentUrl\":\"https:\\\/\\\/chronik.berliner-verkehr.de\\\/wp-content\\\/uploads\\\/2024\\\/01\\\/2024-01-11-09.07.02-scaled.jpg\",\"width\":1920,\"height\":2560},{\"@type\":\"BreadcrumbList\",\"@id\":\"https:\\\/\\\/chronik.berliner-verkehr.de\\\/?p=9748#breadcrumb\",\"itemListElement\":[{\"@type\":\"ListItem\",\"position\":1,\"name\":\"Startseite\",\"item\":\"https:\\\/\\\/chronik.berliner-verkehr.de\\\/\"},{\"@type\":\"ListItem\",\"position\":2,\"name\":\"2024-01-04 BVG: Henrik Falk als BVG-Chef im Amt\"}]},{\"@type\":\"WebSite\",\"@id\":\"https:\\\/\\\/chronik.berliner-verkehr.de\\\/#website\",\"url\":\"https:\\\/\\\/chronik.berliner-verkehr.de\\\/\",\"name\":\"Chronik Berlin\",\"description\":\"Chronik von Berlin:Verkehr\",\"potentialAction\":[{\"@type\":\"SearchAction\",\"target\":{\"@type\":\"EntryPoint\",\"urlTemplate\":\"https:\\\/\\\/chronik.berliner-verkehr.de\\\/?s={search_term_string}\"},\"query-input\":{\"@type\":\"PropertyValueSpecification\",\"valueRequired\":true,\"valueName\":\"search_term_string\"}}],\"inLanguage\":\"de\"},{\"@type\":\"Person\",\"@id\":\"https:\\\/\\\/chronik.berliner-verkehr.de\\\/#\\\/schema\\\/person\\\/0aafc2c308e915dc30d0c77868efda48\",\"name\":\"ralfbj70\",\"image\":{\"@type\":\"ImageObject\",\"inLanguage\":\"de\",\"@id\":\"https:\\\/\\\/secure.gravatar.com\\\/avatar\\\/ea0988e51fb7b4df6a45e2826bf423f784b45c1f3c7d412d22f1551a136ffc12?s=96&d=mm&r=g\",\"url\":\"https:\\\/\\\/secure.gravatar.com\\\/avatar\\\/ea0988e51fb7b4df6a45e2826bf423f784b45c1f3c7d412d22f1551a136ffc12?s=96&d=mm&r=g\",\"contentUrl\":\"https:\\\/\\\/secure.gravatar.com\\\/avatar\\\/ea0988e51fb7b4df6a45e2826bf423f784b45c1f3c7d412d22f1551a136ffc12?s=96&d=mm&r=g\",\"caption\":\"ralfbj70\"},\"url\":\"https:\\\/\\\/chronik.berliner-verkehr.de\\\/?author=1\"}]}<\/script>\n<!-- \/ Yoast SEO plugin. -->","yoast_head_json":{"title":"2024-01-04 BVG: Henrik Falk als BVG-Chef im Amt - Chronik Berlin","robots":{"index":"index","follow":"follow","max-snippet":"max-snippet:-1","max-image-preview":"max-image-preview:large","max-video-preview":"max-video-preview:-1"},"canonical":"https:\/\/chronik.berliner-verkehr.de\/?p=9748","og_locale":"de_DE","og_type":"article","og_title":"2024-01-04 BVG: Henrik Falk als BVG-Chef im Amt - Chronik Berlin","og_description":"Das F\u00fchrungsteam der BVG ist seit Jahresbeginn wieder komplett. Nachdem der neue Vorstandsvorsitzende, Henrik Falk, die ersten Tage im Betrieb von Deutschlands gr\u00f6\u00dftem Nahverkehrsunternehmen unterwegs war und mit Mitarbeitenden ins Gespr\u00e4ch gekommen ist, fand heute die interne Begr\u00fc\u00dfung des neuen Vorstandsmitglieds in der BVG-Zentrale in Mitte statt. Gemeinsam mit seinen Vorstandskolleg*innen Jenny Zeller (Personal und &hellip; \u201e2024-01-04 BVG: Henrik Falk als BVG-Chef im Amt\u201c weiterlesen","og_url":"https:\/\/chronik.berliner-verkehr.de\/?p=9748","og_site_name":"Chronik Berlin","article_published_time":"2024-01-04T11:15:52+00:00","article_modified_time":"2024-01-12T11:23:07+00:00","og_image":[{"url":"https:\/\/chronik.berliner-verkehr.de\/wp-content\/uploads\/2024\/01\/2024-01-11-09.07.02-768x1024.jpg","type":"","width":"","height":""}],"author":"ralfbj70","twitter_card":"summary_large_image","twitter_misc":{"Verfasst von":"ralfbj70","Gesch\u00e4tzte Lesezeit":"4\u00a0Minuten"},"schema":{"@context":"https:\/\/schema.org","@graph":[{"@type":"Article","@id":"https:\/\/chronik.berliner-verkehr.de\/?p=9748#article","isPartOf":{"@id":"https:\/\/chronik.berliner-verkehr.de\/?p=9748"},"author":{"name":"ralfbj70","@id":"https:\/\/chronik.berliner-verkehr.de\/#\/schema\/person\/0aafc2c308e915dc30d0c77868efda48"},"headline":"2024-01-04 BVG: Henrik Falk als BVG-Chef im Amt","datePublished":"2024-01-04T11:15:52+00:00","dateModified":"2024-01-12T11:23:07+00:00","mainEntityOfPage":{"@id":"https:\/\/chronik.berliner-verkehr.de\/?p=9748"},"wordCount":671,"image":{"@id":"https:\/\/chronik.berliner-verkehr.de\/?p=9748#primaryimage"},"thumbnailUrl":"https:\/\/chronik.berliner-verkehr.de\/wp-content\/uploads\/2024\/01\/2024-01-11-09.07.02-768x1024.jpg","articleSection":["Bahnindustrie","Wirtschaft"],"inLanguage":"de"},{"@type":"WebPage","@id":"https:\/\/chronik.berliner-verkehr.de\/?p=9748","url":"https:\/\/chronik.berliner-verkehr.de\/?p=9748","name":"2024-01-04 BVG: Henrik Falk als BVG-Chef im Amt - Chronik Berlin","isPartOf":{"@id":"https:\/\/chronik.berliner-verkehr.de\/#website"},"primaryImageOfPage":{"@id":"https:\/\/chronik.berliner-verkehr.de\/?p=9748#primaryimage"},"image":{"@id":"https:\/\/chronik.berliner-verkehr.de\/?p=9748#primaryimage"},"thumbnailUrl":"https:\/\/chronik.berliner-verkehr.de\/wp-content\/uploads\/2024\/01\/2024-01-11-09.07.02-768x1024.jpg","datePublished":"2024-01-04T11:15:52+00:00","dateModified":"2024-01-12T11:23:07+00:00","author":{"@id":"https:\/\/chronik.berliner-verkehr.de\/#\/schema\/person\/0aafc2c308e915dc30d0c77868efda48"},"breadcrumb":{"@id":"https:\/\/chronik.berliner-verkehr.de\/?p=9748#breadcrumb"},"inLanguage":"de","potentialAction":[{"@type":"ReadAction","target":["https:\/\/chronik.berliner-verkehr.de\/?p=9748"]}]},{"@type":"ImageObject","inLanguage":"de","@id":"https:\/\/chronik.berliner-verkehr.de\/?p=9748#primaryimage","url":"https:\/\/chronik.berliner-verkehr.de\/wp-content\/uploads\/2024\/01\/2024-01-11-09.07.02-scaled.jpg","contentUrl":"https:\/\/chronik.berliner-verkehr.de\/wp-content\/uploads\/2024\/01\/2024-01-11-09.07.02-scaled.jpg","width":1920,"height":2560},{"@type":"BreadcrumbList","@id":"https:\/\/chronik.berliner-verkehr.de\/?p=9748#breadcrumb","itemListElement":[{"@type":"ListItem","position":1,"name":"Startseite","item":"https:\/\/chronik.berliner-verkehr.de\/"},{"@type":"ListItem","position":2,"name":"2024-01-04 BVG: Henrik Falk als BVG-Chef im Amt"}]},{"@type":"WebSite","@id":"https:\/\/chronik.berliner-verkehr.de\/#website","url":"https:\/\/chronik.berliner-verkehr.de\/","name":"Chronik Berlin","description":"Chronik von Berlin:Verkehr","potentialAction":[{"@type":"SearchAction","target":{"@type":"EntryPoint","urlTemplate":"https:\/\/chronik.berliner-verkehr.de\/?s={search_term_string}"},"query-input":{"@type":"PropertyValueSpecification","valueRequired":true,"valueName":"search_term_string"}}],"inLanguage":"de"},{"@type":"Person","@id":"https:\/\/chronik.berliner-verkehr.de\/#\/schema\/person\/0aafc2c308e915dc30d0c77868efda48","name":"ralfbj70","image":{"@type":"ImageObject","inLanguage":"de","@id":"https:\/\/secure.gravatar.com\/avatar\/ea0988e51fb7b4df6a45e2826bf423f784b45c1f3c7d412d22f1551a136ffc12?s=96&d=mm&r=g","url":"https:\/\/secure.gravatar.com\/avatar\/ea0988e51fb7b4df6a45e2826bf423f784b45c1f3c7d412d22f1551a136ffc12?s=96&d=mm&r=g","contentUrl":"https:\/\/secure.gravatar.com\/avatar\/ea0988e51fb7b4df6a45e2826bf423f784b45c1f3c7d412d22f1551a136ffc12?s=96&d=mm&r=g","caption":"ralfbj70"},"url":"https:\/\/chronik.berliner-verkehr.de\/?author=1"}]}},"_links":{"self":[{"href":"https:\/\/chronik.berliner-verkehr.de\/index.php?rest_route=\/wp\/v2\/posts\/9748","targetHints":{"allow":["GET"]}}],"collection":[{"href":"https:\/\/chronik.berliner-verkehr.de\/index.php?rest_route=\/wp\/v2\/posts"}],"about":[{"href":"https:\/\/chronik.berliner-verkehr.de\/index.php?rest_route=\/wp\/v2\/types\/post"}],"author":[{"embeddable":true,"href":"https:\/\/chronik.berliner-verkehr.de\/index.php?rest_route=\/wp\/v2\/users\/1"}],"replies":[{"embeddable":true,"href":"https:\/\/chronik.berliner-verkehr.de\/index.php?rest_route=%2Fwp%2Fv2%2Fcomments&post=9748"}],"version-history":[{"count":2,"href":"https:\/\/chronik.berliner-verkehr.de\/index.php?rest_route=\/wp\/v2\/posts\/9748\/revisions"}],"predecessor-version":[{"id":9755,"href":"https:\/\/chronik.berliner-verkehr.de\/index.php?rest_route=\/wp\/v2\/posts\/9748\/revisions\/9755"}],"wp:attachment":[{"href":"https:\/\/chronik.berliner-verkehr.de\/index.php?rest_route=%2Fwp%2Fv2%2Fmedia&parent=9748"}],"curies":[{"name":"wp","href":"https:\/\/api.w.org\/{rel}","templated":true}]}}