{"id":9778,"date":"2024-08-08T17:49:54","date_gmt":"2024-08-08T15:49:54","guid":{"rendered":"https:\/\/chronik.berliner-verkehr.de\/?p=9778"},"modified":"2024-10-03T17:53:54","modified_gmt":"2024-10-03T15:53:54","slug":"2024-08-08-s-bahn-die-berliner-s-bahn-wird-100-jahre-alt-aus-s-bahn","status":"publish","type":"post","link":"https:\/\/chronik.berliner-verkehr.de\/?p=9778","title":{"rendered":"2024-08-08 S-Bahn: Die Berliner S-Bahn wird 100 Jahre alt, aus S-Bahn"},"content":{"rendered":"\n<p>Beklebte S-Bahn l\u00e4sst das Design fr\u00fcherer Baureihen wieder aufleben \u25cf S-Bahnchef Buchner: \u201eS-Bahn ist eine Berliner Ikone\u201c \u25cf 1,5 Millionen Fahrg\u00e4ste pro Werktag<\/p>\n\n\n\n<figure class=\"wp-block-image size-large\"><img loading=\"lazy\" decoding=\"async\" width=\"1024\" height=\"768\" src=\"https:\/\/chronik.berliner-verkehr.de\/wp-content\/uploads\/2024\/08\/2024-08-08-18.25.10-1024x768.jpg\" alt=\"\" class=\"wp-image-9781\" srcset=\"https:\/\/chronik.berliner-verkehr.de\/wp-content\/uploads\/2024\/08\/2024-08-08-18.25.10-1024x768.jpg 1024w, https:\/\/chronik.berliner-verkehr.de\/wp-content\/uploads\/2024\/08\/2024-08-08-18.25.10-300x225.jpg 300w, https:\/\/chronik.berliner-verkehr.de\/wp-content\/uploads\/2024\/08\/2024-08-08-18.25.10-768x576.jpg 768w, https:\/\/chronik.berliner-verkehr.de\/wp-content\/uploads\/2024\/08\/2024-08-08-18.25.10-1536x1152.jpg 1536w, https:\/\/chronik.berliner-verkehr.de\/wp-content\/uploads\/2024\/08\/2024-08-08-18.25.10-2048x1536.jpg 2048w, https:\/\/chronik.berliner-verkehr.de\/wp-content\/uploads\/2024\/08\/2024-08-08-18.25.10-1200x900.jpg 1200w\" sizes=\"auto, (max-width: 709px) 85vw, (max-width: 909px) 67vw, (max-width: 1362px) 62vw, 840px\" \/><\/figure>\n\n\n\n<p>Foto: S-Bahn Zug in den Farben der historischen Fahrzeuge am 08.08.2024 in Humboldthain<\/p>\n\n\n\n<p>Runder Geburtstag f\u00fcr die Berliner S-Bahn: Am 8. August j\u00e4hrt sich die erste fahrplanm\u00e4\u00dfige Fahrt einer elektrischen S-Bahn in Berlin zum 100. Mal. Zu diesem&nbsp;besonderen Jubil\u00e4um&nbsp;schickt die S-Bahn Berlin ein ganz besonderes Fahrzeug aufs Gleis: Ein komplett mit zehn verschiedenen Fahrzeugdesigns der vergangenen 100 Jahre beklebter Zug der&nbsp;Baureihe 481&nbsp;ist ab Donnerstag zun\u00e4chst auf der Linie&nbsp;S2&nbsp;unterwegs.&nbsp;<\/p>\n\n\n\n<!--more-->\n\n\n\n<p>Seit 100 Jahren verbindet die S-Bahn Gemeinden und St\u00e4dte im Umland mit der Berliner Innenstadt. Weltweit einzigartig ist das 340 Kilometer lange Netz mit den Nords\u00fcd- und Ostwest-Linien sowie der Ringbahn, die die Innenstadt umschlie\u00dft. Die Berliner S-Bahn zeigt mit 1,5 Mio. Fahrg\u00e4sten pro Werktag, was eine starke Schiene leisten kann: An jedem Werktag bietet sie rund 3.300 Fahrten auf 16 Linien an. Jeder dritte Fahrgast im gesamten Schienennahverkehr von DB Regio f\u00e4hrt mit einer Berliner S-Bahn.&nbsp;&nbsp;<\/p>\n\n\n\n<p>&#8222;<em>G\u00e4be es die S-Bahn nicht schon, wir m\u00fcssten sie erfinden. Kein anderes Verkehrsmittel kann so viele Menschen umweltfreundlich zwischen Stadt und Umland bewegen und verbraucht dabei so wenig Platz. Doch die Berliner S-Bahn ist mehr als nur ein Verkehrsmittel. Seit 100 Jahren begleitet und pr\u00e4gt sie die Geschichte der Hauptstadt und ist selbst zu einer Berliner Ikone geworden. Alles Gute zum 100. Geburtstag, S-Bahn Berlin.<\/em>&#8220; <strong>Peter Buchner<\/strong>Gesch\u00e4ftsf\u00fchrer der S-Bahn Berlin GmbH<\/p>\n\n\n\n<p>&#8222;<em>Als vor 100 Jahren die erste S-Bahnlinie auf der Strecke vom Stettiner Vorortbahnhof, dem heutigen Nordbahnhof, nach Bernau in den Regelbetrieb ging, war dies ohne Frage ein pr\u00e4gender Beitrag f\u00fcr die erfolgreiche Entwicklung Berlins zu einer Metropole. Auch heute stehen wir wieder vor gro\u00dfen Herausforderungen, haben wir doch das gro\u00dfe Ziel, unsere Stadt bis sp\u00e4testens 2045 klimaneutral zu gestalten. Der S-Bahn und all ihren gro\u00dfartigen engagierten Mitarbeiterinnen und Mitarbeitern meinen herzlichen Gl\u00fcckwunsch zum 100. Geburtstag und ein, sicher auch im Namen der vielen Fahrg\u00e4ste ausgesprochenes, gro\u00dfes Dankesch\u00f6n f\u00fcr ihren tagt\u00e4glichen Einsatz f\u00fcr unser aller Mobilit\u00e4t in Berlin.<\/em>&#8220; <strong>Ute Bonde<\/strong>Senatorin f\u00fcr Mobilit\u00e4t, Verkehr, Klimaschutz und Umwelt<\/p>\n\n\n\n<p>&#8222;<em>100 Jahre S-Bahn \u2013 das ist ein Grund zum Feiern. Am 8. August 1924 fuhr die erste S-Bahn vom Typ \u201aBernau\u2018 vom heutigen Nordbahnhof Berlins nach Bernau. Deshalb finden auch an diesen Orten 100 Jahre sp\u00e4ter Feierlichkeiten statt, zu denen alle Besucherinnen und Besucher herzlich eingeladen sind. Die S-Bahn ist mehr als nur Zeuge der wechselvollen Geschichte der L\u00e4nder Brandenburg und Berlin. Sie war, ist und wird weiterhin das R\u00fcckgrat des Nahverkehrs der Hauptstadtregion sein. Das zeigen auch unsere Investitionen in die S-Bahn und unsere Ausbaupl\u00e4ne. Mit dem Infrastrukturprojekt i2030 wollen wir nicht nur die Verl\u00e4ngerung der S25 nach Stahnsdorf und nach Falkensee vorbereiten, sondern auch den 10-Minuten-Takt nach Bernau, Oranienburg, Strausberg und Hennigsdorf. Die S-Bahn geh\u00f6rt seit 100 Jahren zum Leben der Menschen. Das macht sie auch zu einem emotional verbindenden Verkehrsmittel, das sich nicht nur in Zahlen und Fakten messen l\u00e4sst.<\/em>&#8220; <strong>Rainer Genilke<\/strong>Infrastrukturminister des Landes Brandenburg<\/p>\n\n\n\n<p>&#8222;<em>Vor 100 Jahren haben vision\u00e4re Entscheider auf das System S-Bahn gesetzt \u2013 schnell, umweltfreundlich und seitdem nicht mehr aus Berlin und Brandenburg wegzudenken \u2013 und damit einen Meilenstein in der Verkehrspolitik gelegt. Die S-Bahn dient uns als Beispiel, auch in den n\u00e4chsten 100 Jahren mutig voranzuschreiten und mit dem Infrastrukturprojekt i2030 die S-Bahn der Zukunft zu gestalten.<\/em>&#8220; <strong>Martin Fuchs<\/strong>Gesch\u00e4ftsf\u00fchrer des Verkehrsverbunds Berlin-Brandenburg<\/p>\n\n\n\n<h2 class=\"wp-block-heading\">Der beklebte Jubil\u00e4umszug<\/h2>\n\n\n\n<p>Der Zug der&nbsp;<a href=\"https:\/\/sbahn.berlin\/das-unternehmen\/fahrzeugpark\/baureihe-481\/\">Baureihe 481<\/a>&nbsp;schl\u00e4gt eine Br\u00fccke vom Jahr 1926 bis zur heutigen Zeit. Bei der&nbsp;<strong>Bauart \u201eOranienburg\u201c<\/strong>&nbsp;von 1926 waren die Wagen noch in rot und gelb lackiert, um die damals \u00fcbliche 2. und 3. Wagenklasse voneinander zu unterscheiden. Mit der&nbsp;<strong>Bauart \u201eStadtbahn<\/strong>\u201c wurde 1928 schon die heute typische zweifarbige Lackierung mit dem roten Streifen unten eingef\u00fchrt. Der obere Teil dieser Z\u00fcge war in der 3. Wagenklasse in Ockergelb und in der 2. Klasse in einem dunklen T\u00fcrkis gehalten.&nbsp;&nbsp;<\/p>\n\n\n\n<p>Auch der sogenannte \u201eOstberliner Hauptstadtlack\u201c mit dem die&nbsp;<strong>Baureihe 276<\/strong>&nbsp;ab 1984 in Hellbeige und Bordeauxrot unterwegs war, ist zu sehen, sowie die silbergrau-blaue Lackierung des Prototyps der&nbsp;<a href=\"https:\/\/sbahn.berlin\/das-unternehmen\/fahrzeugpark\/baureihe-480\/\">Baureihe 480<\/a>&nbsp;von 1986. Nicht zuletzt tr\u00e4gt der Jubil\u00e4umszug das rote Kleid mit dunkelgrauem Fensterband, dem die&nbsp;<a href=\"https:\/\/sbahn.berlin\/das-unternehmen\/fahrzeugpark\/baureihe-485\/\">Baureihe 485<\/a>&nbsp;ihren Spitznamen \u201eColadose\u201c verdankt.&nbsp;&nbsp;<\/p>\n\n\n\n<p>Quelle: https:\/\/sbahn.berlin\/das-unternehmen\/presse\/pressemitteilungen-pressearchiv\/pressemitteilungen\/die-berliner-s-bahn-wird-100-jahre-alt\/<\/p>\n","protected":false},"excerpt":{"rendered":"<p>Beklebte S-Bahn l\u00e4sst das Design fr\u00fcherer Baureihen wieder aufleben \u25cf S-Bahnchef Buchner: \u201eS-Bahn ist eine Berliner Ikone\u201c \u25cf 1,5 Millionen Fahrg\u00e4ste pro Werktag Foto: S-Bahn Zug in den Farben der historischen Fahrzeuge am 08.08.2024 in Humboldthain Runder Geburtstag f\u00fcr die Berliner S-Bahn: Am 8. August j\u00e4hrt sich die erste fahrplanm\u00e4\u00dfige Fahrt einer elektrischen S-Bahn in &hellip; <a href=\"https:\/\/chronik.berliner-verkehr.de\/?p=9778\" class=\"more-link\"><span class=\"screen-reader-text\">\u201e2024-08-08 S-Bahn: Die Berliner S-Bahn wird 100 Jahre alt, aus S-Bahn\u201c <\/span>weiterlesen<\/a><\/p>\n","protected":false},"author":1,"featured_media":0,"comment_status":"closed","ping_status":"open","sticky":false,"template":"","format":"standard","meta":{"footnotes":""},"class_list":["post-9778","post","type-post","status-publish","format-standard","hentry","category-elektrifizierung-s-bahn-gleise","category-eroeffnung","category-infrastruktur","category-oeffentlicher-nahverkehr","category-s-bahn"],"yoast_head":"<!-- This site is optimized with the Yoast SEO plugin v27.4 - https:\/\/yoast.com\/product\/yoast-seo-wordpress\/ -->\n<title>2024-08-08 S-Bahn: Die Berliner S-Bahn wird 100 Jahre alt, aus S-Bahn - Chronik Berlin<\/title>\n<meta name=\"robots\" content=\"index, follow, max-snippet:-1, max-image-preview:large, max-video-preview:-1\" \/>\n<link rel=\"canonical\" href=\"https:\/\/chronik.berliner-verkehr.de\/?p=9778\" \/>\n<meta property=\"og:locale\" content=\"de_DE\" \/>\n<meta property=\"og:type\" content=\"article\" \/>\n<meta property=\"og:title\" content=\"2024-08-08 S-Bahn: Die Berliner S-Bahn wird 100 Jahre alt, aus S-Bahn - Chronik Berlin\" \/>\n<meta property=\"og:description\" content=\"Beklebte S-Bahn l\u00e4sst das Design fr\u00fcherer Baureihen wieder aufleben \u25cf S-Bahnchef Buchner: \u201eS-Bahn ist eine Berliner Ikone\u201c \u25cf 1,5 Millionen Fahrg\u00e4ste pro Werktag Foto: S-Bahn Zug in den Farben der historischen Fahrzeuge am 08.08.2024 in Humboldthain Runder Geburtstag f\u00fcr die Berliner S-Bahn: Am 8. August j\u00e4hrt sich die erste fahrplanm\u00e4\u00dfige Fahrt einer elektrischen S-Bahn in &hellip; \u201e2024-08-08 S-Bahn: Die Berliner S-Bahn wird 100 Jahre alt, aus S-Bahn\u201c weiterlesen\" \/>\n<meta property=\"og:url\" content=\"https:\/\/chronik.berliner-verkehr.de\/?p=9778\" \/>\n<meta property=\"og:site_name\" content=\"Chronik Berlin\" \/>\n<meta property=\"article:published_time\" content=\"2024-08-08T15:49:54+00:00\" \/>\n<meta property=\"article:modified_time\" content=\"2024-10-03T15:53:54+00:00\" \/>\n<meta property=\"og:image\" content=\"https:\/\/chronik.berliner-verkehr.de\/wp-content\/uploads\/2024\/08\/2024-08-08-18.25.10-1024x768.jpg\" \/>\n<meta name=\"author\" content=\"ralfbj70\" \/>\n<meta name=\"twitter:card\" content=\"summary_large_image\" \/>\n<meta name=\"twitter:label1\" content=\"Verfasst von\" \/>\n\t<meta name=\"twitter:data1\" content=\"ralfbj70\" \/>\n\t<meta name=\"twitter:label2\" content=\"Gesch\u00e4tzte Lesezeit\" \/>\n\t<meta name=\"twitter:data2\" content=\"5\u00a0Minuten\" \/>\n<script type=\"application\/ld+json\" class=\"yoast-schema-graph\">{\"@context\":\"https:\\\/\\\/schema.org\",\"@graph\":[{\"@type\":\"Article\",\"@id\":\"https:\\\/\\\/chronik.berliner-verkehr.de\\\/?p=9778#article\",\"isPartOf\":{\"@id\":\"https:\\\/\\\/chronik.berliner-verkehr.de\\\/?p=9778\"},\"author\":{\"name\":\"ralfbj70\",\"@id\":\"https:\\\/\\\/chronik.berliner-verkehr.de\\\/#\\\/schema\\\/person\\\/0aafc2c308e915dc30d0c77868efda48\"},\"headline\":\"2024-08-08 S-Bahn: Die Berliner S-Bahn wird 100 Jahre alt, aus S-Bahn\",\"datePublished\":\"2024-08-08T15:49:54+00:00\",\"dateModified\":\"2024-10-03T15:53:54+00:00\",\"mainEntityOfPage\":{\"@id\":\"https:\\\/\\\/chronik.berliner-verkehr.de\\\/?p=9778\"},\"wordCount\":752,\"image\":{\"@id\":\"https:\\\/\\\/chronik.berliner-verkehr.de\\\/?p=9778#primaryimage\"},\"thumbnailUrl\":\"https:\\\/\\\/chronik.berliner-verkehr.de\\\/wp-content\\\/uploads\\\/2024\\\/08\\\/2024-08-08-18.25.10-1024x768.jpg\",\"articleSection\":[\"Elektrifizierung von Gleisen f\u00fcr die S-Bahn\",\"Er\u00f6ffnung, Inbetriebnahme\",\"Infrastruktur\",\"\u00f6ffentlicher Nahverkehr\",\"S-Bahn\"],\"inLanguage\":\"de\"},{\"@type\":\"WebPage\",\"@id\":\"https:\\\/\\\/chronik.berliner-verkehr.de\\\/?p=9778\",\"url\":\"https:\\\/\\\/chronik.berliner-verkehr.de\\\/?p=9778\",\"name\":\"2024-08-08 S-Bahn: Die Berliner S-Bahn wird 100 Jahre alt, aus S-Bahn - Chronik Berlin\",\"isPartOf\":{\"@id\":\"https:\\\/\\\/chronik.berliner-verkehr.de\\\/#website\"},\"primaryImageOfPage\":{\"@id\":\"https:\\\/\\\/chronik.berliner-verkehr.de\\\/?p=9778#primaryimage\"},\"image\":{\"@id\":\"https:\\\/\\\/chronik.berliner-verkehr.de\\\/?p=9778#primaryimage\"},\"thumbnailUrl\":\"https:\\\/\\\/chronik.berliner-verkehr.de\\\/wp-content\\\/uploads\\\/2024\\\/08\\\/2024-08-08-18.25.10-1024x768.jpg\",\"datePublished\":\"2024-08-08T15:49:54+00:00\",\"dateModified\":\"2024-10-03T15:53:54+00:00\",\"author\":{\"@id\":\"https:\\\/\\\/chronik.berliner-verkehr.de\\\/#\\\/schema\\\/person\\\/0aafc2c308e915dc30d0c77868efda48\"},\"breadcrumb\":{\"@id\":\"https:\\\/\\\/chronik.berliner-verkehr.de\\\/?p=9778#breadcrumb\"},\"inLanguage\":\"de\",\"potentialAction\":[{\"@type\":\"ReadAction\",\"target\":[\"https:\\\/\\\/chronik.berliner-verkehr.de\\\/?p=9778\"]}]},{\"@type\":\"ImageObject\",\"inLanguage\":\"de\",\"@id\":\"https:\\\/\\\/chronik.berliner-verkehr.de\\\/?p=9778#primaryimage\",\"url\":\"https:\\\/\\\/chronik.berliner-verkehr.de\\\/wp-content\\\/uploads\\\/2024\\\/08\\\/2024-08-08-18.25.10-scaled.jpg\",\"contentUrl\":\"https:\\\/\\\/chronik.berliner-verkehr.de\\\/wp-content\\\/uploads\\\/2024\\\/08\\\/2024-08-08-18.25.10-scaled.jpg\",\"width\":2560,\"height\":1920},{\"@type\":\"BreadcrumbList\",\"@id\":\"https:\\\/\\\/chronik.berliner-verkehr.de\\\/?p=9778#breadcrumb\",\"itemListElement\":[{\"@type\":\"ListItem\",\"position\":1,\"name\":\"Startseite\",\"item\":\"https:\\\/\\\/chronik.berliner-verkehr.de\\\/\"},{\"@type\":\"ListItem\",\"position\":2,\"name\":\"2024-08-08 S-Bahn: Die Berliner S-Bahn wird 100 Jahre alt, aus S-Bahn\"}]},{\"@type\":\"WebSite\",\"@id\":\"https:\\\/\\\/chronik.berliner-verkehr.de\\\/#website\",\"url\":\"https:\\\/\\\/chronik.berliner-verkehr.de\\\/\",\"name\":\"Chronik Berlin\",\"description\":\"Chronik von Berlin:Verkehr\",\"potentialAction\":[{\"@type\":\"SearchAction\",\"target\":{\"@type\":\"EntryPoint\",\"urlTemplate\":\"https:\\\/\\\/chronik.berliner-verkehr.de\\\/?s={search_term_string}\"},\"query-input\":{\"@type\":\"PropertyValueSpecification\",\"valueRequired\":true,\"valueName\":\"search_term_string\"}}],\"inLanguage\":\"de\"},{\"@type\":\"Person\",\"@id\":\"https:\\\/\\\/chronik.berliner-verkehr.de\\\/#\\\/schema\\\/person\\\/0aafc2c308e915dc30d0c77868efda48\",\"name\":\"ralfbj70\",\"image\":{\"@type\":\"ImageObject\",\"inLanguage\":\"de\",\"@id\":\"https:\\\/\\\/secure.gravatar.com\\\/avatar\\\/ea0988e51fb7b4df6a45e2826bf423f784b45c1f3c7d412d22f1551a136ffc12?s=96&d=mm&r=g\",\"url\":\"https:\\\/\\\/secure.gravatar.com\\\/avatar\\\/ea0988e51fb7b4df6a45e2826bf423f784b45c1f3c7d412d22f1551a136ffc12?s=96&d=mm&r=g\",\"contentUrl\":\"https:\\\/\\\/secure.gravatar.com\\\/avatar\\\/ea0988e51fb7b4df6a45e2826bf423f784b45c1f3c7d412d22f1551a136ffc12?s=96&d=mm&r=g\",\"caption\":\"ralfbj70\"},\"url\":\"https:\\\/\\\/chronik.berliner-verkehr.de\\\/?author=1\"}]}<\/script>\n<!-- \/ Yoast SEO plugin. -->","yoast_head_json":{"title":"2024-08-08 S-Bahn: Die Berliner S-Bahn wird 100 Jahre alt, aus S-Bahn - Chronik Berlin","robots":{"index":"index","follow":"follow","max-snippet":"max-snippet:-1","max-image-preview":"max-image-preview:large","max-video-preview":"max-video-preview:-1"},"canonical":"https:\/\/chronik.berliner-verkehr.de\/?p=9778","og_locale":"de_DE","og_type":"article","og_title":"2024-08-08 S-Bahn: Die Berliner S-Bahn wird 100 Jahre alt, aus S-Bahn - Chronik Berlin","og_description":"Beklebte S-Bahn l\u00e4sst das Design fr\u00fcherer Baureihen wieder aufleben \u25cf S-Bahnchef Buchner: \u201eS-Bahn ist eine Berliner Ikone\u201c \u25cf 1,5 Millionen Fahrg\u00e4ste pro Werktag Foto: S-Bahn Zug in den Farben der historischen Fahrzeuge am 08.08.2024 in Humboldthain Runder Geburtstag f\u00fcr die Berliner S-Bahn: Am 8. August j\u00e4hrt sich die erste fahrplanm\u00e4\u00dfige Fahrt einer elektrischen S-Bahn in &hellip; \u201e2024-08-08 S-Bahn: Die Berliner S-Bahn wird 100 Jahre alt, aus S-Bahn\u201c weiterlesen","og_url":"https:\/\/chronik.berliner-verkehr.de\/?p=9778","og_site_name":"Chronik Berlin","article_published_time":"2024-08-08T15:49:54+00:00","article_modified_time":"2024-10-03T15:53:54+00:00","og_image":[{"url":"https:\/\/chronik.berliner-verkehr.de\/wp-content\/uploads\/2024\/08\/2024-08-08-18.25.10-1024x768.jpg","type":"","width":"","height":""}],"author":"ralfbj70","twitter_card":"summary_large_image","twitter_misc":{"Verfasst von":"ralfbj70","Gesch\u00e4tzte Lesezeit":"5\u00a0Minuten"},"schema":{"@context":"https:\/\/schema.org","@graph":[{"@type":"Article","@id":"https:\/\/chronik.berliner-verkehr.de\/?p=9778#article","isPartOf":{"@id":"https:\/\/chronik.berliner-verkehr.de\/?p=9778"},"author":{"name":"ralfbj70","@id":"https:\/\/chronik.berliner-verkehr.de\/#\/schema\/person\/0aafc2c308e915dc30d0c77868efda48"},"headline":"2024-08-08 S-Bahn: Die Berliner S-Bahn wird 100 Jahre alt, aus S-Bahn","datePublished":"2024-08-08T15:49:54+00:00","dateModified":"2024-10-03T15:53:54+00:00","mainEntityOfPage":{"@id":"https:\/\/chronik.berliner-verkehr.de\/?p=9778"},"wordCount":752,"image":{"@id":"https:\/\/chronik.berliner-verkehr.de\/?p=9778#primaryimage"},"thumbnailUrl":"https:\/\/chronik.berliner-verkehr.de\/wp-content\/uploads\/2024\/08\/2024-08-08-18.25.10-1024x768.jpg","articleSection":["Elektrifizierung von Gleisen f\u00fcr die S-Bahn","Er\u00f6ffnung, Inbetriebnahme","Infrastruktur","\u00f6ffentlicher Nahverkehr","S-Bahn"],"inLanguage":"de"},{"@type":"WebPage","@id":"https:\/\/chronik.berliner-verkehr.de\/?p=9778","url":"https:\/\/chronik.berliner-verkehr.de\/?p=9778","name":"2024-08-08 S-Bahn: Die Berliner S-Bahn wird 100 Jahre alt, aus S-Bahn - Chronik Berlin","isPartOf":{"@id":"https:\/\/chronik.berliner-verkehr.de\/#website"},"primaryImageOfPage":{"@id":"https:\/\/chronik.berliner-verkehr.de\/?p=9778#primaryimage"},"image":{"@id":"https:\/\/chronik.berliner-verkehr.de\/?p=9778#primaryimage"},"thumbnailUrl":"https:\/\/chronik.berliner-verkehr.de\/wp-content\/uploads\/2024\/08\/2024-08-08-18.25.10-1024x768.jpg","datePublished":"2024-08-08T15:49:54+00:00","dateModified":"2024-10-03T15:53:54+00:00","author":{"@id":"https:\/\/chronik.berliner-verkehr.de\/#\/schema\/person\/0aafc2c308e915dc30d0c77868efda48"},"breadcrumb":{"@id":"https:\/\/chronik.berliner-verkehr.de\/?p=9778#breadcrumb"},"inLanguage":"de","potentialAction":[{"@type":"ReadAction","target":["https:\/\/chronik.berliner-verkehr.de\/?p=9778"]}]},{"@type":"ImageObject","inLanguage":"de","@id":"https:\/\/chronik.berliner-verkehr.de\/?p=9778#primaryimage","url":"https:\/\/chronik.berliner-verkehr.de\/wp-content\/uploads\/2024\/08\/2024-08-08-18.25.10-scaled.jpg","contentUrl":"https:\/\/chronik.berliner-verkehr.de\/wp-content\/uploads\/2024\/08\/2024-08-08-18.25.10-scaled.jpg","width":2560,"height":1920},{"@type":"BreadcrumbList","@id":"https:\/\/chronik.berliner-verkehr.de\/?p=9778#breadcrumb","itemListElement":[{"@type":"ListItem","position":1,"name":"Startseite","item":"https:\/\/chronik.berliner-verkehr.de\/"},{"@type":"ListItem","position":2,"name":"2024-08-08 S-Bahn: Die Berliner S-Bahn wird 100 Jahre alt, aus S-Bahn"}]},{"@type":"WebSite","@id":"https:\/\/chronik.berliner-verkehr.de\/#website","url":"https:\/\/chronik.berliner-verkehr.de\/","name":"Chronik Berlin","description":"Chronik von Berlin:Verkehr","potentialAction":[{"@type":"SearchAction","target":{"@type":"EntryPoint","urlTemplate":"https:\/\/chronik.berliner-verkehr.de\/?s={search_term_string}"},"query-input":{"@type":"PropertyValueSpecification","valueRequired":true,"valueName":"search_term_string"}}],"inLanguage":"de"},{"@type":"Person","@id":"https:\/\/chronik.berliner-verkehr.de\/#\/schema\/person\/0aafc2c308e915dc30d0c77868efda48","name":"ralfbj70","image":{"@type":"ImageObject","inLanguage":"de","@id":"https:\/\/secure.gravatar.com\/avatar\/ea0988e51fb7b4df6a45e2826bf423f784b45c1f3c7d412d22f1551a136ffc12?s=96&d=mm&r=g","url":"https:\/\/secure.gravatar.com\/avatar\/ea0988e51fb7b4df6a45e2826bf423f784b45c1f3c7d412d22f1551a136ffc12?s=96&d=mm&r=g","contentUrl":"https:\/\/secure.gravatar.com\/avatar\/ea0988e51fb7b4df6a45e2826bf423f784b45c1f3c7d412d22f1551a136ffc12?s=96&d=mm&r=g","caption":"ralfbj70"},"url":"https:\/\/chronik.berliner-verkehr.de\/?author=1"}]}},"_links":{"self":[{"href":"https:\/\/chronik.berliner-verkehr.de\/index.php?rest_route=\/wp\/v2\/posts\/9778","targetHints":{"allow":["GET"]}}],"collection":[{"href":"https:\/\/chronik.berliner-verkehr.de\/index.php?rest_route=\/wp\/v2\/posts"}],"about":[{"href":"https:\/\/chronik.berliner-verkehr.de\/index.php?rest_route=\/wp\/v2\/types\/post"}],"author":[{"embeddable":true,"href":"https:\/\/chronik.berliner-verkehr.de\/index.php?rest_route=\/wp\/v2\/users\/1"}],"replies":[{"embeddable":true,"href":"https:\/\/chronik.berliner-verkehr.de\/index.php?rest_route=%2Fwp%2Fv2%2Fcomments&post=9778"}],"version-history":[{"count":2,"href":"https:\/\/chronik.berliner-verkehr.de\/index.php?rest_route=\/wp\/v2\/posts\/9778\/revisions"}],"predecessor-version":[{"id":9782,"href":"https:\/\/chronik.berliner-verkehr.de\/index.php?rest_route=\/wp\/v2\/posts\/9778\/revisions\/9782"}],"wp:attachment":[{"href":"https:\/\/chronik.berliner-verkehr.de\/index.php?rest_route=%2Fwp%2Fv2%2Fmedia&parent=9778"}],"curies":[{"name":"wp","href":"https:\/\/api.w.org\/{rel}","templated":true}]}}