{"id":9796,"date":"2025-06-16T09:19:51","date_gmt":"2025-06-16T07:19:51","guid":{"rendered":"https:\/\/chronik.berliner-verkehr.de\/?p=9796"},"modified":"2025-11-19T18:22:55","modified_gmt":"2025-11-19T17:22:55","slug":"2025-06-02-strassenbahn-bvg-startet-bau-eines-neuen-strassenbahnbetriebshofs","status":"publish","type":"post","link":"https:\/\/chronik.berliner-verkehr.de\/?p=9796","title":{"rendered":"2025-06-02 Stra\u00dfenbahn: BVG startet Bau eines neuen Stra\u00dfenbahnbetriebshofs"},"content":{"rendered":"\n<p>Quelle: https:\/\/www.bvg.de\/de\/unternehmen\/medienportal\/pressemitteilungen\/2025-06-02-planfeststellung-betriebshof-adlershof<\/p>\n\n\n\n<p>Mit einem neuen Betriebshof f\u00fcr Stra\u00dfenbahnen stabilisiert die BVG k\u00fcnftig gezielt ihr Angebot in Treptow-K\u00f6penick und macht es f\u00fcr den weiteren Ausbau bereit. Am neuen Standort entstehen Abstell-, Wartungs- und Reparaturkapazit\u00e4ten f\u00fcr bis zu 60 Fahrzeuge. Das bestehende Stra\u00dfenbahnnetz erh\u00e4lt damit eine zus\u00e4tzliche betriebliche Basis im S\u00fcdosten der Stadt, die die essenziellen, regelm\u00e4\u00dfigen Werkstattbesuche deutlich effizienter erm\u00f6glicht und so die Zuverl\u00e4ssigkeit im Betrieb nachhaltig st\u00e4rkt. Gleichzeitig schafft der Neubau die Voraussetzung f\u00fcr den Einsatz der modernen Fahrzeuggeneration Flexity in Treptow-K\u00f6penick und ebnet perspektivisch auch den Weg f\u00fcr den Einsatz der Urbanliner, die mit ihrem optimierten Raumkonzept sp\u00fcrbar mehr Komfort und ein gr\u00f6\u00dferes Platzangebot f\u00fcr alle Fahrg\u00e4ste bieten. Entstehen wird der Stra\u00dfenbahnbetriebshof in Adlershof \u2013 als erster Neubau seit 40 Jahren. Mit dem k\u00fcrzlich erteilten Planfeststellungsbeschluss kann die BVG nun mit der Umsetzung des Projekts beginnen.<\/p>\n\n\n\n<!--more-->\n\n\n\n<p>Der Betriebshof wird mit modernster Technik ausgestattet und erm\u00f6glicht dadurch ein stabiles und nachhaltiges Verkehrsnetz. Dank seiner modularen und erweiterbaren Bauweise kann er sich flexibel an die Herausforderungen des Berliner Nahverkehrs anpassen und stellt so die ideale Grundlage f\u00fcr den zuk\u00fcnftigen Ausbau des Angebots dar.<\/p>\n\n\n\n<p>Henrik Falk, BVG-Vorstandsvorsitzender: \u201eMit dem neuen Betriebshof in Adlershof setzen wir ein starkes Zeichen f\u00fcr die Zukunftsf\u00e4higkeit der BVG. Die gro\u00dfe St\u00e4rke des Neubaus liegt in seiner Anpassungsf\u00e4higkeit. Bei neuen Anforderungen k\u00f6nnen wir schnell und souver\u00e4n reagieren \u2013 sei es durch Umbauten oder Erweiterungen. Die offene Bauweise macht das richtig einfach und gibt uns die n\u00f6tige Flexibilit\u00e4t f\u00fcr die Zukunft. F\u00fcr den weiteren Ausbau unserer Infrastruktur ist der neue Betriebshof ein absolutes Vorbild.\u201c<\/p>\n\n\n\n<p>Durch eine gro\u00dfz\u00fcgige Abstellanlage und eine neue Werkstatt schafft der Neubau wichtige Entlastung f\u00fcr die bestehenden Betriebsh\u00f6fe der BVG. Die zus\u00e4tzlichen Kapazit\u00e4ten erm\u00f6glichen nicht nur eine effizientere Wartung der bereits im Einsatz befindlichen Stra\u00dfenbahnen, sondern decken auch den zuk\u00fcnftigen Bedarf an Instandhaltung und sicherer Abstellung f\u00fcr alle kommenden Fahrzeuge.<\/p>\n\n\n\n<p>Das Betriebshofgel\u00e4nde erstreckt sich \u00fcber eine Grundst\u00fccksgr\u00f6\u00dfe von etwa 50.000 Quadratmetern und liegt auf der Fl\u00e4che des ehemaligen Kohlebahnhofs \u2013 eingebettet zwischen der S-Bahntrasse entlang des Adlergestells und einem bestehenden Gewerbegebiet nahe der K\u00f6penicker Stra\u00dfe. Um das Areal optimal an das Stra\u00dfenbahnnetz anzubinden, ist die Neugestaltung der Stra\u00dfenbahnstrecke in der D\u00f6rpfeldstra\u00dfe von zentraler Bedeutung. Hier realisiert die BVG einen zweigleisigen Ausbau, der nicht nur die Betriebsstabilit\u00e4t erh\u00f6ht, sondern auch den Stra\u00dfenraum \u00fcbersichtlicher und sicherer macht.<\/p>\n\n\n\n<p><strong>Ein Projekt mit Verantwortung<\/strong><\/p>\n\n\n\n<p>Mit dem neuen Bauprojekt leistet die BVG einen wichtigen Beitrag zur Mobilit\u00e4tswende in Berlin und setzt Nachhaltigkeitsma\u00dfnahmen konkret um. Ein Beispiel hierf\u00fcr ist die Umsiedlung der Zauneidechsen, die bislang auf dem Baugel\u00e4nde heimisch waren. F\u00fcr die Tiere wurde eigens ein Ersatzhabitat geschaffen, in das sie bereits erfolgreich umgesetzt wurden. Doch damit ist es nicht getan \u2013 weitere umweltfreundliche Ma\u00dfnahmen, wie die Installation von Photovoltaikanlagen, die Begr\u00fcnung der Gleisanlagen und ein innovatives Regenwassermanagement, sorgen f\u00fcr eine ausgewogene \u00f6kologische Bilanz. Dar\u00fcber hinaus schafft der Betriebshof auch auf personeller Ebene positive Impulse: Rund 400 neue Arbeitspl\u00e4tze werden am Standort entstehen.<\/p>\n\n\n\n<p>Der Betriebshof wird voraussichtlich im Jahr 2030 in Betrieb gehen. Nach dem Planfeststellungsbeschluss wird nun die Ausf\u00fchrungsplanung f\u00fcr die Abstellanlagen, Gleise, Weichen und unterirdischen Bauwerke vorangetrieben. Der Baubeginn ist f\u00fcr 2026 geplant.<\/p>\n","protected":false},"excerpt":{"rendered":"<p>Quelle: https:\/\/www.bvg.de\/de\/unternehmen\/medienportal\/pressemitteilungen\/2025-06-02-planfeststellung-betriebshof-adlershof Mit einem neuen Betriebshof f\u00fcr Stra\u00dfenbahnen stabilisiert die BVG k\u00fcnftig gezielt ihr Angebot in Treptow-K\u00f6penick und macht es f\u00fcr den weiteren Ausbau bereit. Am neuen Standort entstehen Abstell-, Wartungs- und Reparaturkapazit\u00e4ten f\u00fcr bis zu 60 Fahrzeuge. Das bestehende Stra\u00dfenbahnnetz erh\u00e4lt damit eine zus\u00e4tzliche betriebliche Basis im S\u00fcdosten der Stadt, die die essenziellen, regelm\u00e4\u00dfigen &hellip; <a href=\"https:\/\/chronik.berliner-verkehr.de\/?p=9796\" class=\"more-link\"><span class=\"screen-reader-text\">\u201e2025-06-02 Stra\u00dfenbahn: BVG startet Bau eines neuen Stra\u00dfenbahnbetriebshofs\u201c <\/span>weiterlesen<\/a><\/p>\n","protected":false},"author":1,"featured_media":0,"comment_status":"closed","ping_status":"open","sticky":false,"template":"","format":"standard","meta":{"footnotes":""},"class_list":["post-9796","post","type-post","status-publish","format-standard","hentry","category-infrastruktur","category-oeffentlicher-nahverkehr","category-strassenbahn","category-werkstatt_betriebshof"],"yoast_head":"<!-- This site is optimized with the Yoast SEO plugin v27.4 - https:\/\/yoast.com\/product\/yoast-seo-wordpress\/ -->\n<title>2025-06-02 Stra\u00dfenbahn: BVG startet Bau eines neuen Stra\u00dfenbahnbetriebshofs - Chronik Berlin<\/title>\n<meta name=\"robots\" content=\"index, follow, max-snippet:-1, max-image-preview:large, max-video-preview:-1\" \/>\n<link rel=\"canonical\" href=\"https:\/\/chronik.berliner-verkehr.de\/?p=9796\" \/>\n<meta property=\"og:locale\" content=\"de_DE\" \/>\n<meta property=\"og:type\" content=\"article\" \/>\n<meta property=\"og:title\" content=\"2025-06-02 Stra\u00dfenbahn: BVG startet Bau eines neuen Stra\u00dfenbahnbetriebshofs - Chronik Berlin\" \/>\n<meta property=\"og:description\" content=\"Quelle: https:\/\/www.bvg.de\/de\/unternehmen\/medienportal\/pressemitteilungen\/2025-06-02-planfeststellung-betriebshof-adlershof Mit einem neuen Betriebshof f\u00fcr Stra\u00dfenbahnen stabilisiert die BVG k\u00fcnftig gezielt ihr Angebot in Treptow-K\u00f6penick und macht es f\u00fcr den weiteren Ausbau bereit. Am neuen Standort entstehen Abstell-, Wartungs- und Reparaturkapazit\u00e4ten f\u00fcr bis zu 60 Fahrzeuge. Das bestehende Stra\u00dfenbahnnetz erh\u00e4lt damit eine zus\u00e4tzliche betriebliche Basis im S\u00fcdosten der Stadt, die die essenziellen, regelm\u00e4\u00dfigen &hellip; \u201e2025-06-02 Stra\u00dfenbahn: BVG startet Bau eines neuen Stra\u00dfenbahnbetriebshofs\u201c weiterlesen\" \/>\n<meta property=\"og:url\" content=\"https:\/\/chronik.berliner-verkehr.de\/?p=9796\" \/>\n<meta property=\"og:site_name\" content=\"Chronik Berlin\" \/>\n<meta property=\"article:published_time\" content=\"2025-06-16T07:19:51+00:00\" \/>\n<meta property=\"article:modified_time\" content=\"2025-11-19T17:22:55+00:00\" \/>\n<meta name=\"author\" content=\"ralfbj70\" \/>\n<meta name=\"twitter:card\" content=\"summary_large_image\" \/>\n<meta name=\"twitter:label1\" content=\"Verfasst von\" \/>\n\t<meta name=\"twitter:data1\" content=\"ralfbj70\" \/>\n\t<meta name=\"twitter:label2\" content=\"Gesch\u00e4tzte Lesezeit\" \/>\n\t<meta name=\"twitter:data2\" content=\"3\u00a0Minuten\" \/>\n<script type=\"application\/ld+json\" class=\"yoast-schema-graph\">{\"@context\":\"https:\\\/\\\/schema.org\",\"@graph\":[{\"@type\":\"Article\",\"@id\":\"https:\\\/\\\/chronik.berliner-verkehr.de\\\/?p=9796#article\",\"isPartOf\":{\"@id\":\"https:\\\/\\\/chronik.berliner-verkehr.de\\\/?p=9796\"},\"author\":{\"name\":\"ralfbj70\",\"@id\":\"https:\\\/\\\/chronik.berliner-verkehr.de\\\/#\\\/schema\\\/person\\\/0aafc2c308e915dc30d0c77868efda48\"},\"headline\":\"2025-06-02 Stra\u00dfenbahn: BVG startet Bau eines neuen Stra\u00dfenbahnbetriebshofs\",\"datePublished\":\"2025-06-16T07:19:51+00:00\",\"dateModified\":\"2025-11-19T17:22:55+00:00\",\"mainEntityOfPage\":{\"@id\":\"https:\\\/\\\/chronik.berliner-verkehr.de\\\/?p=9796\"},\"wordCount\":597,\"articleSection\":[\"Infrastruktur\",\"\u00f6ffentlicher Nahverkehr\",\"Stra\u00dfenbahn\",\"Werkstatt_Betriebshof\"],\"inLanguage\":\"de\"},{\"@type\":\"WebPage\",\"@id\":\"https:\\\/\\\/chronik.berliner-verkehr.de\\\/?p=9796\",\"url\":\"https:\\\/\\\/chronik.berliner-verkehr.de\\\/?p=9796\",\"name\":\"2025-06-02 Stra\u00dfenbahn: BVG startet Bau eines neuen Stra\u00dfenbahnbetriebshofs - Chronik Berlin\",\"isPartOf\":{\"@id\":\"https:\\\/\\\/chronik.berliner-verkehr.de\\\/#website\"},\"datePublished\":\"2025-06-16T07:19:51+00:00\",\"dateModified\":\"2025-11-19T17:22:55+00:00\",\"author\":{\"@id\":\"https:\\\/\\\/chronik.berliner-verkehr.de\\\/#\\\/schema\\\/person\\\/0aafc2c308e915dc30d0c77868efda48\"},\"breadcrumb\":{\"@id\":\"https:\\\/\\\/chronik.berliner-verkehr.de\\\/?p=9796#breadcrumb\"},\"inLanguage\":\"de\",\"potentialAction\":[{\"@type\":\"ReadAction\",\"target\":[\"https:\\\/\\\/chronik.berliner-verkehr.de\\\/?p=9796\"]}]},{\"@type\":\"BreadcrumbList\",\"@id\":\"https:\\\/\\\/chronik.berliner-verkehr.de\\\/?p=9796#breadcrumb\",\"itemListElement\":[{\"@type\":\"ListItem\",\"position\":1,\"name\":\"Startseite\",\"item\":\"https:\\\/\\\/chronik.berliner-verkehr.de\\\/\"},{\"@type\":\"ListItem\",\"position\":2,\"name\":\"2025-06-02 Stra\u00dfenbahn: BVG startet Bau eines neuen Stra\u00dfenbahnbetriebshofs\"}]},{\"@type\":\"WebSite\",\"@id\":\"https:\\\/\\\/chronik.berliner-verkehr.de\\\/#website\",\"url\":\"https:\\\/\\\/chronik.berliner-verkehr.de\\\/\",\"name\":\"Chronik Berlin\",\"description\":\"Chronik von Berlin:Verkehr\",\"potentialAction\":[{\"@type\":\"SearchAction\",\"target\":{\"@type\":\"EntryPoint\",\"urlTemplate\":\"https:\\\/\\\/chronik.berliner-verkehr.de\\\/?s={search_term_string}\"},\"query-input\":{\"@type\":\"PropertyValueSpecification\",\"valueRequired\":true,\"valueName\":\"search_term_string\"}}],\"inLanguage\":\"de\"},{\"@type\":\"Person\",\"@id\":\"https:\\\/\\\/chronik.berliner-verkehr.de\\\/#\\\/schema\\\/person\\\/0aafc2c308e915dc30d0c77868efda48\",\"name\":\"ralfbj70\",\"image\":{\"@type\":\"ImageObject\",\"inLanguage\":\"de\",\"@id\":\"https:\\\/\\\/secure.gravatar.com\\\/avatar\\\/ea0988e51fb7b4df6a45e2826bf423f784b45c1f3c7d412d22f1551a136ffc12?s=96&d=mm&r=g\",\"url\":\"https:\\\/\\\/secure.gravatar.com\\\/avatar\\\/ea0988e51fb7b4df6a45e2826bf423f784b45c1f3c7d412d22f1551a136ffc12?s=96&d=mm&r=g\",\"contentUrl\":\"https:\\\/\\\/secure.gravatar.com\\\/avatar\\\/ea0988e51fb7b4df6a45e2826bf423f784b45c1f3c7d412d22f1551a136ffc12?s=96&d=mm&r=g\",\"caption\":\"ralfbj70\"},\"url\":\"https:\\\/\\\/chronik.berliner-verkehr.de\\\/?author=1\"}]}<\/script>\n<!-- \/ Yoast SEO plugin. -->","yoast_head_json":{"title":"2025-06-02 Stra\u00dfenbahn: BVG startet Bau eines neuen Stra\u00dfenbahnbetriebshofs - Chronik Berlin","robots":{"index":"index","follow":"follow","max-snippet":"max-snippet:-1","max-image-preview":"max-image-preview:large","max-video-preview":"max-video-preview:-1"},"canonical":"https:\/\/chronik.berliner-verkehr.de\/?p=9796","og_locale":"de_DE","og_type":"article","og_title":"2025-06-02 Stra\u00dfenbahn: BVG startet Bau eines neuen Stra\u00dfenbahnbetriebshofs - Chronik Berlin","og_description":"Quelle: https:\/\/www.bvg.de\/de\/unternehmen\/medienportal\/pressemitteilungen\/2025-06-02-planfeststellung-betriebshof-adlershof Mit einem neuen Betriebshof f\u00fcr Stra\u00dfenbahnen stabilisiert die BVG k\u00fcnftig gezielt ihr Angebot in Treptow-K\u00f6penick und macht es f\u00fcr den weiteren Ausbau bereit. Am neuen Standort entstehen Abstell-, Wartungs- und Reparaturkapazit\u00e4ten f\u00fcr bis zu 60 Fahrzeuge. Das bestehende Stra\u00dfenbahnnetz erh\u00e4lt damit eine zus\u00e4tzliche betriebliche Basis im S\u00fcdosten der Stadt, die die essenziellen, regelm\u00e4\u00dfigen &hellip; \u201e2025-06-02 Stra\u00dfenbahn: BVG startet Bau eines neuen Stra\u00dfenbahnbetriebshofs\u201c weiterlesen","og_url":"https:\/\/chronik.berliner-verkehr.de\/?p=9796","og_site_name":"Chronik Berlin","article_published_time":"2025-06-16T07:19:51+00:00","article_modified_time":"2025-11-19T17:22:55+00:00","author":"ralfbj70","twitter_card":"summary_large_image","twitter_misc":{"Verfasst von":"ralfbj70","Gesch\u00e4tzte Lesezeit":"3\u00a0Minuten"},"schema":{"@context":"https:\/\/schema.org","@graph":[{"@type":"Article","@id":"https:\/\/chronik.berliner-verkehr.de\/?p=9796#article","isPartOf":{"@id":"https:\/\/chronik.berliner-verkehr.de\/?p=9796"},"author":{"name":"ralfbj70","@id":"https:\/\/chronik.berliner-verkehr.de\/#\/schema\/person\/0aafc2c308e915dc30d0c77868efda48"},"headline":"2025-06-02 Stra\u00dfenbahn: BVG startet Bau eines neuen Stra\u00dfenbahnbetriebshofs","datePublished":"2025-06-16T07:19:51+00:00","dateModified":"2025-11-19T17:22:55+00:00","mainEntityOfPage":{"@id":"https:\/\/chronik.berliner-verkehr.de\/?p=9796"},"wordCount":597,"articleSection":["Infrastruktur","\u00f6ffentlicher Nahverkehr","Stra\u00dfenbahn","Werkstatt_Betriebshof"],"inLanguage":"de"},{"@type":"WebPage","@id":"https:\/\/chronik.berliner-verkehr.de\/?p=9796","url":"https:\/\/chronik.berliner-verkehr.de\/?p=9796","name":"2025-06-02 Stra\u00dfenbahn: BVG startet Bau eines neuen Stra\u00dfenbahnbetriebshofs - Chronik Berlin","isPartOf":{"@id":"https:\/\/chronik.berliner-verkehr.de\/#website"},"datePublished":"2025-06-16T07:19:51+00:00","dateModified":"2025-11-19T17:22:55+00:00","author":{"@id":"https:\/\/chronik.berliner-verkehr.de\/#\/schema\/person\/0aafc2c308e915dc30d0c77868efda48"},"breadcrumb":{"@id":"https:\/\/chronik.berliner-verkehr.de\/?p=9796#breadcrumb"},"inLanguage":"de","potentialAction":[{"@type":"ReadAction","target":["https:\/\/chronik.berliner-verkehr.de\/?p=9796"]}]},{"@type":"BreadcrumbList","@id":"https:\/\/chronik.berliner-verkehr.de\/?p=9796#breadcrumb","itemListElement":[{"@type":"ListItem","position":1,"name":"Startseite","item":"https:\/\/chronik.berliner-verkehr.de\/"},{"@type":"ListItem","position":2,"name":"2025-06-02 Stra\u00dfenbahn: BVG startet Bau eines neuen Stra\u00dfenbahnbetriebshofs"}]},{"@type":"WebSite","@id":"https:\/\/chronik.berliner-verkehr.de\/#website","url":"https:\/\/chronik.berliner-verkehr.de\/","name":"Chronik Berlin","description":"Chronik von Berlin:Verkehr","potentialAction":[{"@type":"SearchAction","target":{"@type":"EntryPoint","urlTemplate":"https:\/\/chronik.berliner-verkehr.de\/?s={search_term_string}"},"query-input":{"@type":"PropertyValueSpecification","valueRequired":true,"valueName":"search_term_string"}}],"inLanguage":"de"},{"@type":"Person","@id":"https:\/\/chronik.berliner-verkehr.de\/#\/schema\/person\/0aafc2c308e915dc30d0c77868efda48","name":"ralfbj70","image":{"@type":"ImageObject","inLanguage":"de","@id":"https:\/\/secure.gravatar.com\/avatar\/ea0988e51fb7b4df6a45e2826bf423f784b45c1f3c7d412d22f1551a136ffc12?s=96&d=mm&r=g","url":"https:\/\/secure.gravatar.com\/avatar\/ea0988e51fb7b4df6a45e2826bf423f784b45c1f3c7d412d22f1551a136ffc12?s=96&d=mm&r=g","contentUrl":"https:\/\/secure.gravatar.com\/avatar\/ea0988e51fb7b4df6a45e2826bf423f784b45c1f3c7d412d22f1551a136ffc12?s=96&d=mm&r=g","caption":"ralfbj70"},"url":"https:\/\/chronik.berliner-verkehr.de\/?author=1"}]}},"_links":{"self":[{"href":"https:\/\/chronik.berliner-verkehr.de\/index.php?rest_route=\/wp\/v2\/posts\/9796","targetHints":{"allow":["GET"]}}],"collection":[{"href":"https:\/\/chronik.berliner-verkehr.de\/index.php?rest_route=\/wp\/v2\/posts"}],"about":[{"href":"https:\/\/chronik.berliner-verkehr.de\/index.php?rest_route=\/wp\/v2\/types\/post"}],"author":[{"embeddable":true,"href":"https:\/\/chronik.berliner-verkehr.de\/index.php?rest_route=\/wp\/v2\/users\/1"}],"replies":[{"embeddable":true,"href":"https:\/\/chronik.berliner-verkehr.de\/index.php?rest_route=%2Fwp%2Fv2%2Fcomments&post=9796"}],"version-history":[{"count":1,"href":"https:\/\/chronik.berliner-verkehr.de\/index.php?rest_route=\/wp\/v2\/posts\/9796\/revisions"}],"predecessor-version":[{"id":9797,"href":"https:\/\/chronik.berliner-verkehr.de\/index.php?rest_route=\/wp\/v2\/posts\/9796\/revisions\/9797"}],"wp:attachment":[{"href":"https:\/\/chronik.berliner-verkehr.de\/index.php?rest_route=%2Fwp%2Fv2%2Fmedia&parent=9796"}],"curies":[{"name":"wp","href":"https:\/\/api.w.org\/{rel}","templated":true}]}}